{"id":66294,"date":"2022-10-06T14:35:36","date_gmt":"2022-10-06T17:35:36","guid":{"rendered":"https:\/\/www.centraldenoticias.com.ar\/?p=66294"},"modified":"2022-10-06T14:35:36","modified_gmt":"2022-10-06T17:35:36","slug":"pintaron-el-frente-de-industrial-en-la-jornada-el-dia-de-hacer-el-bien","status":"publish","type":"post","link":"https:\/\/cdnoticias.com\/index.php\/2022\/10\/06\/pintaron-el-frente-de-industrial-en-la-jornada-el-dia-de-hacer-el-bien\/","title":{"rendered":"Pintaron el frente de Industrial en la jornada &#8220;El d\u00eda de hacer el bien&#8221;"},"content":{"rendered":"<p>Fue este s\u00e1bado y estuvo organizada por la Fundaci\u00f3n Loma Negra. <!--more--><\/p>\n<hr \/>\n<p>Este s\u00e1bado se desarroll\u00f3 la jornada <strong>&#8220;El d\u00eda de hacer el bien&#8221; <\/strong>organizada por la <strong>Fundaci\u00f3n Loma Negra<\/strong> d\u00f3nde participaron un centenar de personas. La instituci\u00f3n elegida por la fundaci\u00f3n fue la<strong> EETS N\u00b0 2 ex Industrial.\u00a0<\/strong><\/p>\n<p>&nbsp;<\/p>\n<p>La jornada reuni\u00f3 a estudiantes, ex alumnos, profesores y comunidad en general.<strong> &#8220;El objetivo fue pintar el frente de la escuela, pero se logr\u00f3 pintar gran parte de la estructura exterior&#8221;<\/strong> se indic\u00f3. La actividad termin\u00f3 con un almuerzo entre los participantes y la organizaci\u00f3n.<\/p>\n<p>&nbsp;<\/p>\n<p><img data-recalc-dims=\"1\" loading=\"lazy\" decoding=\"async\" class=\"aligncenter wp-image-66301 size-full\" src=\"https:\/\/i0.wp.com\/cdnoticias.com\/wp-content\/uploads\/2022\/10\/IMG-20221001-WA0009.jpg?resize=800%2C369&#038;ssl=1\" alt=\"\" width=\"800\" height=\"369\" srcset=\"https:\/\/i0.wp.com\/cdnoticias.com\/wp-content\/uploads\/2022\/10\/IMG-20221001-WA0009.jpg?w=1280&amp;ssl=1 1280w, https:\/\/i0.wp.com\/cdnoticias.com\/wp-content\/uploads\/2022\/10\/IMG-20221001-WA0009.jpg?resize=300%2C139&amp;ssl=1 300w, https:\/\/i0.wp.com\/cdnoticias.com\/wp-content\/uploads\/2022\/10\/IMG-20221001-WA0009.jpg?resize=1024%2C473&amp;ssl=1 1024w, https:\/\/i0.wp.com\/cdnoticias.com\/wp-content\/uploads\/2022\/10\/IMG-20221001-WA0009.jpg?resize=768%2C355&amp;ssl=1 768w\" sizes=\"auto, (max-width: 800px) 100vw, 800px\" \/><\/p>\n<p>&nbsp;<\/p>\n<blockquote><p>&#8220;Desde la cooperadora queremos agradecer en primera instancia a la Fundaci\u00f3n Loma Negra por elegirnos y darnos la oportunidad de trabajar en conjunto y tambi\u00e9n destacar la participaci\u00f3n de los diferentes sectores que pusieron manos a la obra para pintar. Invitamos a todos los que se quieran sumar a participar de la nueva comisi\u00f3n de la Cooperadora de la Escuela Industrial&#8221;.<\/p><\/blockquote>\n<p>&nbsp;<\/p>\n<p><img data-recalc-dims=\"1\" loading=\"lazy\" decoding=\"async\" class=\"aligncenter wp-image-66297 size-full\" src=\"https:\/\/i0.wp.com\/cdnoticias.com\/wp-content\/uploads\/2022\/10\/IMG-20221001-WA0036.jpg?resize=800%2C370&#038;ssl=1\" alt=\"\" width=\"800\" height=\"370\" srcset=\"https:\/\/i0.wp.com\/cdnoticias.com\/wp-content\/uploads\/2022\/10\/IMG-20221001-WA0036.jpg?w=1600&amp;ssl=1 1600w, https:\/\/i0.wp.com\/cdnoticias.com\/wp-content\/uploads\/2022\/10\/IMG-20221001-WA0036.jpg?resize=300%2C139&amp;ssl=1 300w, https:\/\/i0.wp.com\/cdnoticias.com\/wp-content\/uploads\/2022\/10\/IMG-20221001-WA0036.jpg?resize=1024%2C473&amp;ssl=1 1024w, https:\/\/i0.wp.com\/cdnoticias.com\/wp-content\/uploads\/2022\/10\/IMG-20221001-WA0036.jpg?resize=768%2C355&amp;ssl=1 768w, https:\/\/i0.wp.com\/cdnoticias.com\/wp-content\/uploads\/2022\/10\/IMG-20221001-WA0036.jpg?resize=1536%2C709&amp;ssl=1 1536w\" sizes=\"auto, (max-width: 800px) 100vw, 800px\" \/><\/p>\n<p><img data-recalc-dims=\"1\" loading=\"lazy\" decoding=\"async\" class=\"aligncenter wp-image-66296 size-full\" src=\"https:\/\/i0.wp.com\/cdnoticias.com\/wp-content\/uploads\/2022\/10\/IMG-20221001-WA0037.jpg?resize=800%2C370&#038;ssl=1\" alt=\"\" width=\"800\" height=\"370\" srcset=\"https:\/\/i0.wp.com\/cdnoticias.com\/wp-content\/uploads\/2022\/10\/IMG-20221001-WA0037.jpg?w=1600&amp;ssl=1 1600w, https:\/\/i0.wp.com\/cdnoticias.com\/wp-content\/uploads\/2022\/10\/IMG-20221001-WA0037.jpg?resize=300%2C139&amp;ssl=1 300w, https:\/\/i0.wp.com\/cdnoticias.com\/wp-content\/uploads\/2022\/10\/IMG-20221001-WA0037.jpg?resize=1024%2C473&amp;ssl=1 1024w, https:\/\/i0.wp.com\/cdnoticias.com\/wp-content\/uploads\/2022\/10\/IMG-20221001-WA0037.jpg?resize=768%2C355&amp;ssl=1 768w, https:\/\/i0.wp.com\/cdnoticias.com\/wp-content\/uploads\/2022\/10\/IMG-20221001-WA0037.jpg?resize=1536%2C709&amp;ssl=1 1536w\" sizes=\"auto, (max-width: 800px) 100vw, 800px\" \/><\/p>\n<p>&nbsp;<\/p>\n<p>Para m\u00e1s informaci\u00f3n se pueden comunicar a trav\u00e9s del Instagram @cooperadoraescuelaindustrial.<\/p>\n","protected":false},"excerpt":{"rendered":"<p>Fue este s\u00e1bado y estuvo organizada por la Fundaci\u00f3n Loma Negra.<\/p>\n","protected":false},"author":6,"featured_media":66299,"comment_status":"closed","ping_status":"closed","sticky":false,"template":"","format":"standard","meta":{"_jetpack_memberships_contains_paid_content":false,"footnotes":""},"categories":[5],"tags":[],"class_list":["post-66294","post","type-post","status-publish","format-standard","has-post-thumbnail","hentry","category-informacion-general"],"jetpack_featured_media_url":"https:\/\/i0.wp.com\/cdnoticias.com\/wp-content\/uploads\/2022\/10\/IMG_20221003_190911.jpg?fit=1035%2C591&ssl=1","jetpack_sharing_enabled":true,"_links":{"self":[{"href":"https:\/\/cdnoticias.com\/index.php\/wp-json\/wp\/v2\/posts\/66294","targetHints":{"allow":["GET"]}}],"collection":[{"href":"https:\/\/cdnoticias.com\/index.php\/wp-json\/wp\/v2\/posts"}],"about":[{"href":"https:\/\/cdnoticias.com\/index.php\/wp-json\/wp\/v2\/types\/post"}],"author":[{"embeddable":true,"href":"https:\/\/cdnoticias.com\/index.php\/wp-json\/wp\/v2\/users\/6"}],"replies":[{"embeddable":true,"href":"https:\/\/cdnoticias.com\/index.php\/wp-json\/wp\/v2\/comments?post=66294"}],"version-history":[{"count":0,"href":"https:\/\/cdnoticias.com\/index.php\/wp-json\/wp\/v2\/posts\/66294\/revisions"}],"wp:featuredmedia":[{"embeddable":true,"href":"https:\/\/cdnoticias.com\/index.php\/wp-json\/wp\/v2\/media\/66299"}],"wp:attachment":[{"href":"https:\/\/cdnoticias.com\/index.php\/wp-json\/wp\/v2\/media?parent=66294"}],"wp:term":[{"taxonomy":"category","embeddable":true,"href":"https:\/\/cdnoticias.com\/index.php\/wp-json\/wp\/v2\/categories?post=66294"},{"taxonomy":"post_tag","embeddable":true,"href":"https:\/\/cdnoticias.com\/index.php\/wp-json\/wp\/v2\/tags?post=66294"}],"curies":[{"name":"wp","href":"https:\/\/api.w.org\/{rel}","templated":true}]}}