{"id":66255,"date":"2022-10-04T13:11:23","date_gmt":"2022-10-04T16:11:23","guid":{"rendered":"https:\/\/www.centraldenoticias.com.ar\/?p=66255"},"modified":"2022-10-04T13:11:23","modified_gmt":"2022-10-04T16:11:23","slug":"continua-la-campana-de-vacunacion-antirrabica-2022","status":"publish","type":"post","link":"https:\/\/cdnoticias.com\/index.php\/2022\/10\/04\/continua-la-campana-de-vacunacion-antirrabica-2022\/","title":{"rendered":"Contin\u00faa la Campa\u00f1a de Vacunaci\u00f3n Antirr\u00e1bica 2022"},"content":{"rendered":"<p>&#8220;Vacunar a tu mascota contra la rabia demuestra responsabilidad y compromiso con la sociedad&#8221; se indic\u00f3 desde Bromatolog\u00eda. <!--more--><\/p>\n<hr \/>\n<p>En el marco de la <strong>Campa\u00f1a de Vacunaci\u00f3n Antirr\u00e1bica,<\/strong> la Direcci\u00f3n de Bromatolog\u00eda record\u00f3 la obligatoriedad de cumplir con el <strong>calendario de inmunizaci\u00f3n<\/strong> de sus animales dom\u00e9sticos de compa\u00f1\u00eda, entre ellas la vacuna antirr\u00e1bica.<\/p>\n<p>&nbsp;<\/p>\n<p>Cronograma de la semana:<\/p>\n<p>&nbsp;<\/p>\n<p><strong>Mi\u00e9rcoles 5 de octubre<\/strong><\/p>\n<p>De 9:00 a 12:30. Sarmiento II. Riobamba entre Fal y Estrada<\/p>\n<p>&nbsp;<\/p>\n<p><strong>Jueves 6 de octubre<\/strong><\/p>\n<p>De 9:00 a 12:30. CECO II. Plaza Av. Trabajadores y Saavedra<\/p>\n<p>&nbsp;<\/p>\n<p>&#8220;La primera dosis se recibe cuando son cachorros a partir de los 3 meses de edad, recibiendo un refuerzo anual por el resto de su vida. &#8220;Vacunar a tu mascota contra la rabia demuestra responsabilidad y compromiso con la sociedad&#8221; se indic\u00f3.<\/p>\n<p>&nbsp;<\/p>\n<p>La vacunaci\u00f3n antirr\u00e1bica es anual y obligatoria. La campa\u00f1a municipal se desarrolla de manera gratuita y no requiere turno, es por orden de llegada. Se solicita que las mascotas sean trasladadas por un adulto de forma segura. Si es un canino acercarlo con correa y pretal o collar (y bozal en caso de ser necesario).\u00a0 Si es un felino, llevarlo encerrado en un canil, jaula grande o canasto calado, bien cerrado, con adecuada ventilaci\u00f3n. No llevarlo suelto o en una caja de cart\u00f3n.<\/p>\n<p>&nbsp;<\/p>\n","protected":false},"excerpt":{"rendered":"<p>&#8220;Vacunar a tu mascota contra la rabia demuestra responsabilidad y compromiso con la sociedad&#8221; se indic\u00f3 desde Bromatolog\u00eda.<\/p>\n","protected":false},"author":6,"featured_media":66256,"comment_status":"closed","ping_status":"closed","sticky":false,"template":"","format":"standard","meta":{"_jetpack_memberships_contains_paid_content":false,"footnotes":""},"categories":[5,1],"tags":[],"class_list":["post-66255","post","type-post","status-publish","format-standard","has-post-thumbnail","hentry","category-informacion-general","category-portada"],"jetpack_featured_media_url":"https:\/\/i0.wp.com\/cdnoticias.com\/wp-content\/uploads\/2022\/10\/Bromatologia-Antirrabica-paseo-de-la-salud-1024x727-1.jpeg?fit=1024%2C727&ssl=1","jetpack_sharing_enabled":true,"_links":{"self":[{"href":"https:\/\/cdnoticias.com\/index.php\/wp-json\/wp\/v2\/posts\/66255","targetHints":{"allow":["GET"]}}],"collection":[{"href":"https:\/\/cdnoticias.com\/index.php\/wp-json\/wp\/v2\/posts"}],"about":[{"href":"https:\/\/cdnoticias.com\/index.php\/wp-json\/wp\/v2\/types\/post"}],"author":[{"embeddable":true,"href":"https:\/\/cdnoticias.com\/index.php\/wp-json\/wp\/v2\/users\/6"}],"replies":[{"embeddable":true,"href":"https:\/\/cdnoticias.com\/index.php\/wp-json\/wp\/v2\/comments?post=66255"}],"version-history":[{"count":0,"href":"https:\/\/cdnoticias.com\/index.php\/wp-json\/wp\/v2\/posts\/66255\/revisions"}],"wp:featuredmedia":[{"embeddable":true,"href":"https:\/\/cdnoticias.com\/index.php\/wp-json\/wp\/v2\/media\/66256"}],"wp:attachment":[{"href":"https:\/\/cdnoticias.com\/index.php\/wp-json\/wp\/v2\/media?parent=66255"}],"wp:term":[{"taxonomy":"category","embeddable":true,"href":"https:\/\/cdnoticias.com\/index.php\/wp-json\/wp\/v2\/categories?post=66255"},{"taxonomy":"post_tag","embeddable":true,"href":"https:\/\/cdnoticias.com\/index.php\/wp-json\/wp\/v2\/tags?post=66255"}],"curies":[{"name":"wp","href":"https:\/\/api.w.org\/{rel}","templated":true}]}}