{"id":66253,"date":"2022-10-03T17:58:51","date_gmt":"2022-10-03T20:58:51","guid":{"rendered":"https:\/\/www.centraldenoticias.com.ar\/?p=66253"},"modified":"2022-10-03T17:58:51","modified_gmt":"2022-10-03T20:58:51","slug":"presupuesto-2023-cecilia-moreau-acordo-con-todos-los-bloques-como-seguira-el-tratamiento","status":"publish","type":"post","link":"https:\/\/cdnoticias.com\/index.php\/2022\/10\/03\/presupuesto-2023-cecilia-moreau-acordo-con-todos-los-bloques-como-seguira-el-tratamiento\/","title":{"rendered":"Presupuesto 2023: Cecilia Moreau acord\u00f3 con todos los bloques c\u00f3mo seguir\u00e1 el tratamiento"},"content":{"rendered":"<p>La presidenta de la C\u00e1mara baja Cecilia Moreau logr\u00f3 el consenso con los jefes de los bloques y las autoridades de la Comisi\u00f3n de Presupuesto para definir como continuar\u00e1 el cronograma de tratamiento del proyecto. <!--more--><\/p>\n<hr \/>\n<p>Luego de su presentaci\u00f3n en la C\u00e1mara de Diputados y las primeras reuniones, <strong>la presidenta del cuerpo Cecilia Moreau acord\u00f3 con todos los bloques c\u00f3mo seguir\u00e1 el tratamiento hasta su posible llegada al recinto, el 26 de este mes.<\/strong><\/p>\n<p>&nbsp;<\/p>\n<p>Para este martes,<strong> desde las 11 horas<\/strong> en la Sala 2 del Anexo C, se espera la presencia de los ministros <strong>Jaime Perzcyk (Educaci\u00f3n) y Daniel Filmus (Ciencia, Tecnolog\u00eda e Innovaci\u00f3n).<\/strong><\/p>\n<p>&nbsp;<\/p>\n<p>La actividad continuar\u00e1 con la exposici\u00f3n del <strong>ministro de Medio Ambiente, Juan Cabandi\u00e9, de los secretarios de Econom\u00eda, Flavia Roy\u00f3n (Energ\u00eda), Jos\u00e9 de Mendiguren (Producci\u00f3n) y Juan Jos\u00e9 Bahillo (Agricultura), y los titulares de CAMMESA y ENARSA, Sebasti\u00e1n Bonetto y Agust\u00edn Gerez<\/strong>, respectivamente.<\/p>\n<p>&nbsp;<\/p>\n<p>El mi\u00e9rcoles ser\u00e1 el turno de los <strong>ministros de Defensa (Jorge Taiana) y Trabajo (Claudio Moroni), y de los titulares de Aduana (Guillermo Michel) y AFIP (Carlos Castagneto)<\/strong>, entre otros.<\/p>\n<p>&nbsp;<\/p>\n<p>La semana que viene se presentar\u00e1n los \u00faltimos invitados y se dar\u00e1 lugar al debate entre los diputados integrantes de la comisi\u00f3n. <strong>Se espera lograr dictamen para llevarlo al recinto posiblemente el 26 del mismo mes.<\/strong><\/p>\n","protected":false},"excerpt":{"rendered":"<p>La presidenta de la C\u00e1mara baja Cecilia Moreau logr\u00f3 el consenso con los jefes de los bloques y las autoridades<\/p>\n","protected":false},"author":2,"featured_media":66254,"comment_status":"closed","ping_status":"closed","sticky":false,"template":"","format":"standard","meta":{"_jetpack_memberships_contains_paid_content":false,"footnotes":""},"categories":[6,1],"tags":[],"class_list":["post-66253","post","type-post","status-publish","format-standard","has-post-thumbnail","hentry","category-nacionales","category-portada"],"jetpack_featured_media_url":"https:\/\/i0.wp.com\/cdnoticias.com\/wp-content\/uploads\/2022\/10\/WhatsApp-Image-2022-10-03-at-15.08.29.jpeg?fit=979%2C654&ssl=1","jetpack_sharing_enabled":true,"_links":{"self":[{"href":"https:\/\/cdnoticias.com\/index.php\/wp-json\/wp\/v2\/posts\/66253","targetHints":{"allow":["GET"]}}],"collection":[{"href":"https:\/\/cdnoticias.com\/index.php\/wp-json\/wp\/v2\/posts"}],"about":[{"href":"https:\/\/cdnoticias.com\/index.php\/wp-json\/wp\/v2\/types\/post"}],"author":[{"embeddable":true,"href":"https:\/\/cdnoticias.com\/index.php\/wp-json\/wp\/v2\/users\/2"}],"replies":[{"embeddable":true,"href":"https:\/\/cdnoticias.com\/index.php\/wp-json\/wp\/v2\/comments?post=66253"}],"version-history":[{"count":0,"href":"https:\/\/cdnoticias.com\/index.php\/wp-json\/wp\/v2\/posts\/66253\/revisions"}],"wp:featuredmedia":[{"embeddable":true,"href":"https:\/\/cdnoticias.com\/index.php\/wp-json\/wp\/v2\/media\/66254"}],"wp:attachment":[{"href":"https:\/\/cdnoticias.com\/index.php\/wp-json\/wp\/v2\/media?parent=66253"}],"wp:term":[{"taxonomy":"category","embeddable":true,"href":"https:\/\/cdnoticias.com\/index.php\/wp-json\/wp\/v2\/categories?post=66253"},{"taxonomy":"post_tag","embeddable":true,"href":"https:\/\/cdnoticias.com\/index.php\/wp-json\/wp\/v2\/tags?post=66253"}],"curies":[{"name":"wp","href":"https:\/\/api.w.org\/{rel}","templated":true}]}}