{"id":6625,"date":"2020-11-16T10:26:00","date_gmt":"2020-11-16T13:26:00","guid":{"rendered":"http:\/\/www.centraldenoticias.com.ar\/?p=6625"},"modified":"2020-11-16T10:26:00","modified_gmt":"2020-11-16T13:26:00","slug":"con-una-carpa-en-el-hospital-los-municipales-endurecen-la-protesta","status":"publish","type":"post","link":"https:\/\/cdnoticias.com\/index.php\/2020\/11\/16\/con-una-carpa-en-el-hospital-los-municipales-endurecen-la-protesta\/","title":{"rendered":"Con una carpa en el Hospital, los Municipales endurecen la protesta"},"content":{"rendered":"<p>Instalaron una protesta tanto en el centro de salud como en las puertas del Palacio San Mart\u00edn. Piden una mejora en los salarios tras negociaciones paritarias.<!--more--><\/p>\n<hr \/>\n<p>Tras el <a href=\"https:\/\/cdnoticias.com\/index.php\/2020\/11\/14\/en-las-proximas-horas-instalaremos-la-carpa-frente-al-palacio-municipal\/\" target=\"_blank\" rel=\"noopener\">adelanto del secretario general Jos\u00e9 Stuppia<\/a>, finalmente el s<strong>indicato de Trabajadores Municipales instal\u00f3 dos carpas de protesta por pedido de mejoras en las paritarias: a la tradicional del Palacio San Mart\u00edn, se ubic\u00f3 otra importante en las puertas del Hospital Municipal.<\/strong><\/p>\n<p>&nbsp;<\/p>\n<p><img data-recalc-dims=\"1\" loading=\"lazy\" decoding=\"async\" class=\"alignnone size-large wp-image-6626\" src=\"https:\/\/i0.wp.com\/cdnoticias.com\/wp-content\/uploads\/2020\/11\/carpa-municipales.jpg?resize=800%2C534&#038;ssl=1\" alt=\"\" width=\"800\" height=\"534\" srcset=\"https:\/\/i0.wp.com\/cdnoticias.com\/wp-content\/uploads\/2020\/11\/carpa-municipales.jpg?resize=1024%2C683&amp;ssl=1 1024w, https:\/\/i0.wp.com\/cdnoticias.com\/wp-content\/uploads\/2020\/11\/carpa-municipales.jpg?resize=300%2C200&amp;ssl=1 300w, https:\/\/i0.wp.com\/cdnoticias.com\/wp-content\/uploads\/2020\/11\/carpa-municipales.jpg?resize=768%2C512&amp;ssl=1 768w, https:\/\/i0.wp.com\/cdnoticias.com\/wp-content\/uploads\/2020\/11\/carpa-municipales.jpg?resize=272%2C182&amp;ssl=1 272w, https:\/\/i0.wp.com\/cdnoticias.com\/wp-content\/uploads\/2020\/11\/carpa-municipales.jpg?w=1600&amp;ssl=1 1600w, https:\/\/i0.wp.com\/cdnoticias.com\/wp-content\/uploads\/2020\/11\/carpa-municipales.jpg?w=2400&amp;ssl=1 2400w\" sizes=\"auto, (max-width: 800px) 100vw, 800px\" \/><\/p>\n<p>&nbsp;<\/p>\n<p>En horas de la medianoche del domingo, integrantes del sindicato instalaron la carpa frente al Palacio en un movimiento log\u00edstico sumamente importante.<\/p>\n<p>&nbsp;<\/p>\n<p><iframe loading=\"lazy\" style=\"border: none; overflow: hidden;\" src=\"https:\/\/www.facebook.com\/plugins\/video.php?href=https%3A%2F%2Fwww.facebook.com%2Fstmolavarria%2Fvideos%2F721475048466935%2F&amp;show_text=0&amp;width=267\" width=\"267\" height=\"476\" frameborder=\"0\" scrolling=\"no\" allowfullscreen=\"allowfullscreen\"><\/iframe><\/p>\n<p>&nbsp;<\/p>\n<p><img data-recalc-dims=\"1\" loading=\"lazy\" decoding=\"async\" class=\"alignnone size-large wp-image-6629\" src=\"https:\/\/i0.wp.com\/cdnoticias.com\/wp-content\/uploads\/2020\/11\/carpa-municipales3.jpg?resize=800%2C600&#038;ssl=1\" alt=\"\" width=\"800\" height=\"600\" srcset=\"https:\/\/i0.wp.com\/cdnoticias.com\/wp-content\/uploads\/2020\/11\/carpa-municipales3.jpg?resize=1024%2C768&amp;ssl=1 1024w, https:\/\/i0.wp.com\/cdnoticias.com\/wp-content\/uploads\/2020\/11\/carpa-municipales3.jpg?resize=300%2C225&amp;ssl=1 300w, https:\/\/i0.wp.com\/cdnoticias.com\/wp-content\/uploads\/2020\/11\/carpa-municipales3.jpg?resize=768%2C576&amp;ssl=1 768w, https:\/\/i0.wp.com\/cdnoticias.com\/wp-content\/uploads\/2020\/11\/carpa-municipales3.jpg?w=1152&amp;ssl=1 1152w\" sizes=\"auto, (max-width: 800px) 100vw, 800px\" \/><\/p>\n<p>&nbsp;<\/p>\n<p>En el <strong>Hospital se instal\u00f3 una carpa con imponentes banderas y pancartas reclamando \u201csalarios dignos\u201d.<\/strong> Decenas de vecinos que ingresan y salen del lugar se sorprendieron con la instalaci\u00f3n, todo bajo la atenta mirada de <strong>Stuppia<\/strong> que se encontraba en el lugar.<\/p>\n<p>&nbsp;<\/p>\n<p>Si bien en conferencia de prensa el s\u00e1bado el sindicalista indic\u00f3 que las negociaciones con el Gobierno Municipal estaban \u201ccerradas\u201d, <strong>en la carpa se\u00f1al\u00f3 que se sentar\u00e1n en caso de ser convocados por la comuna para continuar con las negociaciones paritarias.<\/strong><\/p>\n<p>&nbsp;<\/p>\n<p><img data-recalc-dims=\"1\" loading=\"lazy\" decoding=\"async\" class=\"alignnone size-large wp-image-6627\" src=\"https:\/\/i0.wp.com\/cdnoticias.com\/wp-content\/uploads\/2020\/11\/carpa-municipales1.jpg?resize=800%2C534&#038;ssl=1\" alt=\"\" width=\"800\" height=\"534\" srcset=\"https:\/\/i0.wp.com\/cdnoticias.com\/wp-content\/uploads\/2020\/11\/carpa-municipales1.jpg?resize=1024%2C683&amp;ssl=1 1024w, https:\/\/i0.wp.com\/cdnoticias.com\/wp-content\/uploads\/2020\/11\/carpa-municipales1.jpg?resize=300%2C200&amp;ssl=1 300w, https:\/\/i0.wp.com\/cdnoticias.com\/wp-content\/uploads\/2020\/11\/carpa-municipales1.jpg?resize=768%2C512&amp;ssl=1 768w, https:\/\/i0.wp.com\/cdnoticias.com\/wp-content\/uploads\/2020\/11\/carpa-municipales1.jpg?resize=272%2C182&amp;ssl=1 272w, https:\/\/i0.wp.com\/cdnoticias.com\/wp-content\/uploads\/2020\/11\/carpa-municipales1.jpg?w=1600&amp;ssl=1 1600w, https:\/\/i0.wp.com\/cdnoticias.com\/wp-content\/uploads\/2020\/11\/carpa-municipales1.jpg?w=2400&amp;ssl=1 2400w\" sizes=\"auto, (max-width: 800px) 100vw, 800px\" \/><\/p>\n<p>&nbsp;<\/p>\n<p>El Intendente Galli, a su vez, adelant\u00f3 que mientras contin\u00faen las negociaciones, <a href=\"https:\/\/cdnoticias.com\/index.php\/2020\/11\/15\/paritarias-municipales-vamos-a-dar-por-decreto-un-porcentaje-de-aumento\/\" target=\"_blank\" rel=\"noopener\">dar\u00e1 un aumento por decreto hasta tanto llegar a un acuerdo.<\/a><\/p>\n<p>&nbsp;<\/p>\n<p>La \u00faltima oferta era un porcentaje de aumento como base al mes de septiembre. <em>\u201cVenimos con una din\u00e1mica de porcentaje de mes a mes acumulativo y eso es lo que nos sirve los trabajadores municipales para paliar esta situaci\u00f3n tan dif\u00edcil para los trabajadores municipales y los trabajadores argentinos\u201d<\/em> dijo el gremialista con respecto a la oferta realizada por el Municipio.<\/p>\n","protected":false},"excerpt":{"rendered":"<p>Instalaron una protesta tanto en el centro de salud como en las puertas del Palacio San Mart\u00edn. Piden una mejora<\/p>\n","protected":false},"author":2,"featured_media":6628,"comment_status":"closed","ping_status":"closed","sticky":false,"template":"","format":"standard","meta":{"_jetpack_memberships_contains_paid_content":false,"footnotes":""},"categories":[5,1],"tags":[],"class_list":["post-6625","post","type-post","status-publish","format-standard","has-post-thumbnail","hentry","category-informacion-general","category-portada"],"jetpack_featured_media_url":"https:\/\/i0.wp.com\/cdnoticias.com\/wp-content\/uploads\/2020\/11\/carpa-municipales2.jpg?fit=4608%2C3072&ssl=1","jetpack_sharing_enabled":true,"_links":{"self":[{"href":"https:\/\/cdnoticias.com\/index.php\/wp-json\/wp\/v2\/posts\/6625","targetHints":{"allow":["GET"]}}],"collection":[{"href":"https:\/\/cdnoticias.com\/index.php\/wp-json\/wp\/v2\/posts"}],"about":[{"href":"https:\/\/cdnoticias.com\/index.php\/wp-json\/wp\/v2\/types\/post"}],"author":[{"embeddable":true,"href":"https:\/\/cdnoticias.com\/index.php\/wp-json\/wp\/v2\/users\/2"}],"replies":[{"embeddable":true,"href":"https:\/\/cdnoticias.com\/index.php\/wp-json\/wp\/v2\/comments?post=6625"}],"version-history":[{"count":0,"href":"https:\/\/cdnoticias.com\/index.php\/wp-json\/wp\/v2\/posts\/6625\/revisions"}],"wp:featuredmedia":[{"embeddable":true,"href":"https:\/\/cdnoticias.com\/index.php\/wp-json\/wp\/v2\/media\/6628"}],"wp:attachment":[{"href":"https:\/\/cdnoticias.com\/index.php\/wp-json\/wp\/v2\/media?parent=6625"}],"wp:term":[{"taxonomy":"category","embeddable":true,"href":"https:\/\/cdnoticias.com\/index.php\/wp-json\/wp\/v2\/categories?post=6625"},{"taxonomy":"post_tag","embeddable":true,"href":"https:\/\/cdnoticias.com\/index.php\/wp-json\/wp\/v2\/tags?post=6625"}],"curies":[{"name":"wp","href":"https:\/\/api.w.org\/{rel}","templated":true}]}}