{"id":66245,"date":"2022-10-04T17:30:09","date_gmt":"2022-10-04T20:30:09","guid":{"rendered":"https:\/\/www.centraldenoticias.com.ar\/?p=66245"},"modified":"2022-10-04T17:30:09","modified_gmt":"2022-10-04T20:30:09","slug":"ciclo-de-charlas-y-conferencias-2022-transicion-a-la-electromovilidad","status":"publish","type":"post","link":"https:\/\/cdnoticias.com\/index.php\/2022\/10\/04\/ciclo-de-charlas-y-conferencias-2022-transicion-a-la-electromovilidad\/","title":{"rendered":"Ciclo de charlas y conferencias 2022: \u201cTransici\u00f3n a la electromovilidad\u201d"},"content":{"rendered":"<p>Organizado por Coopelectric, este jueves 6 a las 19:30 la charla ser\u00e1 dictada por el Ing. Marcelo Spina. <!--more--><\/p>\n<hr \/>\n<p>En el marco del \u201cCiclo de charlas y conferencias 2022\u201d <strong>organizado por Coopelectric<\/strong> se invita a la comunidad a participar de la charla <strong>\u201cTransici\u00f3n a la electromovilidad\u201d. <\/strong><\/p>\n<p>&nbsp;<\/p>\n<p>Ser\u00e1 dictada por e<strong>l Ing. Marcelo Spina,<\/strong> Director de Proyecto de Desarrollo Tecnol\u00f3gico \u201cIMPULSA\u201d de la Facultad de Ingenier\u00eda de la UNICEN y tendr\u00e1 lugar el <strong>jueves 6 de octubre a las 19:30 <\/strong>en el Sal\u00f3n Audit\u00f3rium de Coopelectric (Belgrano 2850) con <strong>entrada libre y gratuita.<\/strong><\/p>\n<p>&nbsp;<\/p>\n<p><img data-recalc-dims=\"1\" loading=\"lazy\" decoding=\"async\" class=\"aligncenter wp-image-66247 size-large\" src=\"https:\/\/i0.wp.com\/cdnoticias.com\/wp-content\/uploads\/2022\/10\/Charla-Coopelectric-Marcelo-Spina-716x1024.jpeg?resize=716%2C1024&#038;ssl=1\" alt=\"\" width=\"716\" height=\"1024\" \/><\/p>\n<p>&nbsp;<\/p>\n<p>&#8220;El <strong>cambio clim\u00e1tico ha comenzado a dar se\u00f1ales preocupantes<\/strong> y los expertos en la materia indican que<strong> la situaci\u00f3n se agravar\u00e1 de no aplicarse las acciones adecuadas<\/strong>. En un mundo en el que la movilidad de las personas y mercanc\u00edas es uno de los rubros de mayor emisi\u00f3n de gases de efecto invernadero, la transici\u00f3n hacia la electromovilidad constituye una oportunidad para comenzar a revertir la situaci\u00f3n&#8221; se indic\u00f3.<\/p>\n<p>&nbsp;<\/p>\n<p>En ese escenario, el Ing. Marcelo Spina abordar\u00e1 las condiciones necesarias para estimular la movilidad sustentable, los tipos de veh\u00edculos el\u00e9ctricos, la transici\u00f3n, infraestructuras a desarrollar y el rol de las energ\u00edas renovables como la solar fotovoltaica en los sistemas de carga.<\/p>\n<p>&nbsp;<\/p>\n","protected":false},"excerpt":{"rendered":"<p>Organizado por Coopelectric, este jueves 6 a las 19:30 la charla ser\u00e1 dictada por el Ing. Marcelo Spina.<\/p>\n","protected":false},"author":6,"featured_media":39704,"comment_status":"closed","ping_status":"closed","sticky":false,"template":"","format":"standard","meta":{"_jetpack_memberships_contains_paid_content":false,"footnotes":""},"categories":[5,1],"tags":[],"class_list":["post-66245","post","type-post","status-publish","format-standard","has-post-thumbnail","hentry","category-informacion-general","category-portada"],"jetpack_featured_media_url":"https:\/\/i0.wp.com\/cdnoticias.com\/wp-content\/uploads\/2021\/11\/coopelectric-0.jpg?fit=1000%2C556&ssl=1","jetpack_sharing_enabled":true,"_links":{"self":[{"href":"https:\/\/cdnoticias.com\/index.php\/wp-json\/wp\/v2\/posts\/66245","targetHints":{"allow":["GET"]}}],"collection":[{"href":"https:\/\/cdnoticias.com\/index.php\/wp-json\/wp\/v2\/posts"}],"about":[{"href":"https:\/\/cdnoticias.com\/index.php\/wp-json\/wp\/v2\/types\/post"}],"author":[{"embeddable":true,"href":"https:\/\/cdnoticias.com\/index.php\/wp-json\/wp\/v2\/users\/6"}],"replies":[{"embeddable":true,"href":"https:\/\/cdnoticias.com\/index.php\/wp-json\/wp\/v2\/comments?post=66245"}],"version-history":[{"count":0,"href":"https:\/\/cdnoticias.com\/index.php\/wp-json\/wp\/v2\/posts\/66245\/revisions"}],"wp:featuredmedia":[{"embeddable":true,"href":"https:\/\/cdnoticias.com\/index.php\/wp-json\/wp\/v2\/media\/39704"}],"wp:attachment":[{"href":"https:\/\/cdnoticias.com\/index.php\/wp-json\/wp\/v2\/media?parent=66245"}],"wp:term":[{"taxonomy":"category","embeddable":true,"href":"https:\/\/cdnoticias.com\/index.php\/wp-json\/wp\/v2\/categories?post=66245"},{"taxonomy":"post_tag","embeddable":true,"href":"https:\/\/cdnoticias.com\/index.php\/wp-json\/wp\/v2\/tags?post=66245"}],"curies":[{"name":"wp","href":"https:\/\/api.w.org\/{rel}","templated":true}]}}