{"id":66242,"date":"2022-10-03T20:04:14","date_gmt":"2022-10-03T23:04:14","guid":{"rendered":"https:\/\/www.centraldenoticias.com.ar\/?p=66242"},"modified":"2022-10-03T20:04:14","modified_gmt":"2022-10-03T23:04:14","slug":"corte-de-luz-en-un-sector-de-la-ciudad-3","status":"publish","type":"post","link":"https:\/\/cdnoticias.com\/index.php\/2022\/10\/03\/corte-de-luz-en-un-sector-de-la-ciudad-3\/","title":{"rendered":"Corte de luz en un sector de la ciudad"},"content":{"rendered":"<p>Ser\u00e1 este martes de 08:00 a 10:00. Se indic\u00f3 que es por tareas de mantenimiento. <!--more--><\/p>\n<hr \/>\n<p>Desde Coopelectric se inform\u00f3 que durante la ma\u00f1ana de este martes se llevar\u00e1 a cabo un corte de luz por tareas de mantenimiento.<\/p>\n<p>&nbsp;<\/p>\n<p>Ser\u00e1<strong> entre las 08:00 y las 10:00<\/strong> y el corte comprende las siguientes calles:<strong> Sargento Cabral- Ruta 60- Hip\u00f3lito Yrigoyen- Calle 5.<\/strong><\/p>\n<p>&nbsp;<\/p>\n<p>Se indic\u00f3 que puede suspenderse sin las condiciones clim\u00e1ticas son adversas. En tal caso, las tareas ser\u00e1n reprogramadas.<\/p>\n<p>&nbsp;<\/p>\n","protected":false},"excerpt":{"rendered":"<p>Ser\u00e1 este martes de 08:00 a 10:00. Se indic\u00f3 que es por tareas de mantenimiento.<\/p>\n","protected":false},"author":6,"featured_media":26881,"comment_status":"closed","ping_status":"closed","sticky":false,"template":"","format":"standard","meta":{"_jetpack_memberships_contains_paid_content":false,"footnotes":""},"categories":[5,1],"tags":[],"class_list":["post-66242","post","type-post","status-publish","format-standard","has-post-thumbnail","hentry","category-informacion-general","category-portada"],"jetpack_featured_media_url":"https:\/\/i0.wp.com\/cdnoticias.com\/wp-content\/uploads\/2021\/07\/coopelectric00.jpg?fit=800%2C445&ssl=1","jetpack_sharing_enabled":true,"_links":{"self":[{"href":"https:\/\/cdnoticias.com\/index.php\/wp-json\/wp\/v2\/posts\/66242","targetHints":{"allow":["GET"]}}],"collection":[{"href":"https:\/\/cdnoticias.com\/index.php\/wp-json\/wp\/v2\/posts"}],"about":[{"href":"https:\/\/cdnoticias.com\/index.php\/wp-json\/wp\/v2\/types\/post"}],"author":[{"embeddable":true,"href":"https:\/\/cdnoticias.com\/index.php\/wp-json\/wp\/v2\/users\/6"}],"replies":[{"embeddable":true,"href":"https:\/\/cdnoticias.com\/index.php\/wp-json\/wp\/v2\/comments?post=66242"}],"version-history":[{"count":0,"href":"https:\/\/cdnoticias.com\/index.php\/wp-json\/wp\/v2\/posts\/66242\/revisions"}],"wp:featuredmedia":[{"embeddable":true,"href":"https:\/\/cdnoticias.com\/index.php\/wp-json\/wp\/v2\/media\/26881"}],"wp:attachment":[{"href":"https:\/\/cdnoticias.com\/index.php\/wp-json\/wp\/v2\/media?parent=66242"}],"wp:term":[{"taxonomy":"category","embeddable":true,"href":"https:\/\/cdnoticias.com\/index.php\/wp-json\/wp\/v2\/categories?post=66242"},{"taxonomy":"post_tag","embeddable":true,"href":"https:\/\/cdnoticias.com\/index.php\/wp-json\/wp\/v2\/tags?post=66242"}],"curies":[{"name":"wp","href":"https:\/\/api.w.org\/{rel}","templated":true}]}}