{"id":66215,"date":"2022-10-03T11:15:45","date_gmt":"2022-10-03T14:15:45","guid":{"rendered":"https:\/\/www.centraldenoticias.com.ar\/?p=66215"},"modified":"2022-10-03T12:34:53","modified_gmt":"2022-10-03T15:34:53","slug":"marcha-por-la-perra-asesinada-nos-dijeron-que-es-el-tercer-animal-que-mata","status":"publish","type":"post","link":"https:\/\/cdnoticias.com\/index.php\/2022\/10\/03\/marcha-por-la-perra-asesinada-nos-dijeron-que-es-el-tercer-animal-que-mata\/","title":{"rendered":"Marcha por la perra asesinada: \u201cNos dijeron que es el tercer animal que mata\u201d"},"content":{"rendered":"<p>La due\u00f1a de Tormenta convoc\u00f3 a la comunidad a marchar para repudiar el acto de crueldad animal. Indic\u00f3 que hay una denuncia previa sobre el atacante. La manifestaci\u00f3n ser\u00e1 este lunes a las 19:00 frente a la Municipalidad.<!--more--><\/p>\n<hr \/>\n<p>Tras la muerte de una perra en manos de un hombre que le propin\u00f3 al menos cinco pu\u00f1aladas, se organiz\u00f3 una <a href=\"https:\/\/cdnoticias.com\/index.php\/2022\/10\/02\/marcharan-por-la-perra-asesinada-a-punaladas-en-barrio-lujan\/\" target=\"_blank\" rel=\"noopener\">movilizaci\u00f3n para repudiar el acto de crueldad animal.<\/a> Ser\u00e1 este lunes a las 19:00 frente a la Municipalidad. Pedir\u00e1n la aplicaci\u00f3n de la Ley 14.346 sobre malos tratos y actos de crueldad a los animales.<\/p>\n<p>&nbsp;<\/p>\n<p><strong>Selva habl\u00f3 con el programa Levantate (Radio Sapiens FM 102.7)<\/strong> y reconstruy\u00f3 lo sucedido. \u201cTormenta se escap\u00f3. La salgo a buscar con mi hijo porque est\u00e1bamos los dos solitos. Doy una vuelta manzana y no la encuentro pro al llegar a la esquina de mi casa <strong>veo la escena de lo que hab\u00eda pasado<\/strong>\u201d.<\/p>\n<p>&nbsp;<\/p>\n<p>Seg\u00fan lo que le relataron vecinos, su perra \u201chab\u00eda estado jugando con un caniche en la calle. Este hombre pas\u00f3 con su perro, se olfatearon, el perro de \u00e9l la atac\u00f3 a Tormenta y este tipo <strong>sac\u00f3 una cuchilla y la empez\u00f3 a apu\u00f1alar<\/strong>\u201d.<\/p>\n<p>&nbsp;<\/p>\n<p>Esta situaci\u00f3n fue advertida por una vecina que intent\u00f3 defender a la perra. <strong>\u201cNorma trat\u00f3 de sacarle a Tormenta pero le empez\u00f3 a pegar a ella y le quiso dar una pu\u00f1alada\u201d<\/strong>, indic\u00f3 Selva.<\/p>\n<p>&nbsp;<\/p>\n<blockquote><p>Al llevar a su mascota a la veterinaria del barrio \u201cnos dijeron que es el ercer animal que mata\u201d.<\/p><\/blockquote>\n<p>&nbsp;<\/p>\n<p>Selva asegur\u00f3 que <strong>no hubo incidentes previos.<\/strong> Adem\u00e1s \u201cla perra jam\u00e1s andaba sola y por m\u00e1s que sea de raza pitbull no es una perra agresiva. No son perros asesinos, depende de c\u00f3mo los crias\u201d.<\/p>\n<p>&nbsp;<\/p>\n<p>\u201cTormenta era una perra buena. Tengo un nene de 5 a\u00f1os, la ten\u00edamos desde chiquitita, <strong>no era un animal peligroso.<\/strong> Imag\u00ednate que ese d\u00eda estaba jugando con un caniche\u201d, record\u00f3 Selva.<\/p>\n<p>&nbsp;<\/p>\n<p>Inform\u00f3 que <strong>realizaron la denuncia \u201cy ya tiene otra hecha\u201d.<\/strong> En ese sentido concluy\u00f3: \u201cNo entiendo c\u00f3mo no hicieron nada, c\u00f3mo este tipo anda como si nada\u201d.<\/p>\n<p>&nbsp;<\/p>\n","protected":false},"excerpt":{"rendered":"<p>La due\u00f1a de Tormenta convoc\u00f3 a la comunidad a marchar para repudiar el acto de crueldad animal. Indic\u00f3 que hay<\/p>\n","protected":false},"author":5,"featured_media":66127,"comment_status":"closed","ping_status":"closed","sticky":false,"template":"","format":"standard","meta":{"_jetpack_memberships_contains_paid_content":false,"footnotes":""},"categories":[5,1],"tags":[],"class_list":["post-66215","post","type-post","status-publish","format-standard","has-post-thumbnail","hentry","category-informacion-general","category-portada"],"jetpack_featured_media_url":"https:\/\/i0.wp.com\/cdnoticias.com\/wp-content\/uploads\/2022\/10\/crao-perra.jpg?fit=595%2C423&ssl=1","jetpack_sharing_enabled":true,"_links":{"self":[{"href":"https:\/\/cdnoticias.com\/index.php\/wp-json\/wp\/v2\/posts\/66215","targetHints":{"allow":["GET"]}}],"collection":[{"href":"https:\/\/cdnoticias.com\/index.php\/wp-json\/wp\/v2\/posts"}],"about":[{"href":"https:\/\/cdnoticias.com\/index.php\/wp-json\/wp\/v2\/types\/post"}],"author":[{"embeddable":true,"href":"https:\/\/cdnoticias.com\/index.php\/wp-json\/wp\/v2\/users\/5"}],"replies":[{"embeddable":true,"href":"https:\/\/cdnoticias.com\/index.php\/wp-json\/wp\/v2\/comments?post=66215"}],"version-history":[{"count":0,"href":"https:\/\/cdnoticias.com\/index.php\/wp-json\/wp\/v2\/posts\/66215\/revisions"}],"wp:featuredmedia":[{"embeddable":true,"href":"https:\/\/cdnoticias.com\/index.php\/wp-json\/wp\/v2\/media\/66127"}],"wp:attachment":[{"href":"https:\/\/cdnoticias.com\/index.php\/wp-json\/wp\/v2\/media?parent=66215"}],"wp:term":[{"taxonomy":"category","embeddable":true,"href":"https:\/\/cdnoticias.com\/index.php\/wp-json\/wp\/v2\/categories?post=66215"},{"taxonomy":"post_tag","embeddable":true,"href":"https:\/\/cdnoticias.com\/index.php\/wp-json\/wp\/v2\/tags?post=66215"}],"curies":[{"name":"wp","href":"https:\/\/api.w.org\/{rel}","templated":true}]}}