{"id":66212,"date":"2022-10-03T12:01:41","date_gmt":"2022-10-03T15:01:41","guid":{"rendered":"https:\/\/www.centraldenoticias.com.ar\/?p=66212"},"modified":"2022-10-03T12:01:41","modified_gmt":"2022-10-03T15:01:41","slug":"dosis-extra-contra-el-sarampion-la-provincia-quiere-alcanzar-a-800-mil-chicos","status":"publish","type":"post","link":"https:\/\/cdnoticias.com\/index.php\/2022\/10\/03\/dosis-extra-contra-el-sarampion-la-provincia-quiere-alcanzar-a-800-mil-chicos\/","title":{"rendered":"Dosis extra contra el sarampi\u00f3n: la Provincia quiere alcanzar a 800 mil chicos"},"content":{"rendered":"<p>En ese marco, desde el Ministerio de Salud apuntaron a recuperar las tasas de cobertura del Calendario.<!--more--><\/p>\n<hr \/>\n<p><strong>El Gobierno provincial apunta a vacunar a m\u00e1s de 800 mil chicos y chicas en el marco de la nueva campa\u00f1a contra el sarampi\u00f3n, rub\u00e9ola, paperas y poliomielitis<\/strong>, <a href=\"https:\/\/cdnoticias.com\/index.php\/2022\/09\/28\/comienza-una-importante-campana-de-vacunacion-contra-sarampion-rubeola-paperas-y-polio\/\" target=\"_blank\" rel=\"noopener\">que se lanz\u00f3 este s\u00e1bado en territorio bonaerense<\/a>.<\/p>\n<p>&nbsp;<\/p>\n<blockquote><p>La subsecretaria de Gesti\u00f3n de la Informaci\u00f3n en el Ministerio de Salud bonaerense, Leticia Ceriani, manifest\u00f3 que \u201cson vacunas que deber\u00e1n aplicarse todos los ni\u00f1os y ni\u00f1as de entre 13 meses y 4 a\u00f1os inclusive\u201d, y que buscan prevenir contra \u201cenfermedades ya erradicadas que no tienen circulaci\u00f3n en nuestro pa\u00eds\u201d.<\/p><\/blockquote>\n<p>&nbsp;<\/p>\n<p>La funcionaria precis\u00f3 que la campa\u00f1a de dosis extra de sarampi\u00f3n, rub\u00e9ola, paperas y poliomielitis, y recupero de vacunas de calendario se extender\u00e1 hasta el pr\u00f3ximo 15 de noviembre y resalt\u00f3 que tiene como objetivo <strong>\u201cvacunar a 840 mil ni\u00f1os y ni\u00f1as de la Provincia para aumentar la cobertura que viene baja\u201d<\/strong>.<\/p>\n<p>&nbsp;<\/p>\n<p>En ese marco, Ceriani record\u00f3 \u201cel brote de sarampi\u00f3n que hubo en 2019, la alta circulaci\u00f3n viral en Brasil y las bajas coberturas de nuestro pa\u00eds\u201d, lo que<strong> \u201cpone en una situaci\u00f3n de riesgo a la Argentina\u201d.<\/strong><\/p>\n<p>&nbsp;<\/p>\n<p><img data-recalc-dims=\"1\" loading=\"lazy\" decoding=\"async\" class=\"size-full wp-image-66213 aligncenter\" src=\"https:\/\/i0.wp.com\/cdnoticias.com\/wp-content\/uploads\/2022\/10\/DIB-vacunacion-sarampion-696x464-1.jpeg?resize=696%2C464&#038;ssl=1\" alt=\"\" width=\"696\" height=\"464\" srcset=\"https:\/\/i0.wp.com\/cdnoticias.com\/wp-content\/uploads\/2022\/10\/DIB-vacunacion-sarampion-696x464-1.jpeg?w=696&amp;ssl=1 696w, https:\/\/i0.wp.com\/cdnoticias.com\/wp-content\/uploads\/2022\/10\/DIB-vacunacion-sarampion-696x464-1.jpeg?resize=300%2C200&amp;ssl=1 300w, https:\/\/i0.wp.com\/cdnoticias.com\/wp-content\/uploads\/2022\/10\/DIB-vacunacion-sarampion-696x464-1.jpeg?resize=272%2C182&amp;ssl=1 272w\" sizes=\"auto, (max-width: 696px) 100vw, 696px\" \/><\/p>\n<p>&nbsp;<\/p>\n<blockquote><p>Asimismo, la Subsecretaria record\u00f3 que la vacuna \u201cTriple Viral se da al a\u00f1o de vida y tiene un refuerzo en el ingreso escolar. La cobertura que tenemos con la aplicaci\u00f3n al a\u00f1o de vida es de un 48% cuando debiera ser del 67%\u201d, mientras que \u201cel refuerzo para el ingreso escolar es del 54%\u201d. En el caso de la IPV, la cobertura en dosis dada a los 12 meses \u201ces del 45% y de un 52% para el ingreso escolar\u201d.<\/p><\/blockquote>\n<p>&nbsp;<\/p>\n<p>Por \u00faltimo, inform\u00f3 que para recibir la inmunizaci\u00f3n deber\u00e1n acercarse <strong>\u201ca los centros de salud de calendario y las postas de vacunaci\u00f3n que funcionan para Covid<\/strong>, que tambi\u00e9n van a trabajar con esta campa\u00f1a\u201d, y agreg\u00f3 que \u201cvamos a ir a buscar a los ni\u00f1os a los jardines, comedores, unidades de desarrollo, casa por casa, en una b\u00fasqueda activa para poder llegar a esos 840 mil ni\u00f1os\u201d.<\/p>\n<p>&nbsp;<\/p>\n<p>Con la <strong>campa\u00f1a \u201cVamos a Vacunarnos\u201d<\/strong> se busca mantener la eliminaci\u00f3n del sarampi\u00f3n, la rub\u00e9ola, el s\u00edndrome de rub\u00e9ola cong\u00e9nita y la poliomielitis logrado en el pa\u00eds, ya que se trata de enfermedades contagiosas y graves, pero que se pueden prevenir con vacunas gratuitas y obligatorias disponibles en todos los vacunatorios del territorio bonaerense.<\/p>\n<p>&nbsp;<\/p>\n<p><span style=\"text-decoration: underline;\"><strong>La enfermedad<\/strong><\/span><\/p>\n<p>&nbsp;<\/p>\n<p>El sarampi\u00f3n es una afecci\u00f3n viral que se contagia f\u00e1cilmente por v\u00eda respiratoria, y se manifiesta con manchas en la piel y fiebre. Ante la presencia de estos s\u00edntomas es importante consultar en el centro de salud m\u00e1s cercano a nuestro domicilio.<\/p>\n<p>&nbsp;<\/p>\n<p>La cartera sanitaria le solicita tambi\u00e9n a los Equipos de Salud intensificar la vigilancia epidemiol\u00f3gica de toda enfermedad febril exantem\u00e1tica (EFE) y notificar r\u00e1pidamente dentro de las 24 horas de la sospecha e implementar acciones de control para evitar su propagaci\u00f3n.<\/p>\n<p>&nbsp;<\/p>\n<p>Fuente: <em>Agencia DIB<\/em><\/p>\n<p>&nbsp;<\/p>\n<p>&nbsp;<\/p>\n","protected":false},"excerpt":{"rendered":"<p>En ese marco, desde el Ministerio de Salud apuntaron a recuperar las tasas de cobertura del Calendario.<\/p>\n","protected":false},"author":4,"featured_media":63327,"comment_status":"closed","ping_status":"closed","sticky":false,"template":"","format":"standard","meta":{"_jetpack_memberships_contains_paid_content":false,"footnotes":""},"categories":[6,1],"tags":[],"class_list":["post-66212","post","type-post","status-publish","format-standard","has-post-thumbnail","hentry","category-nacionales","category-portada"],"jetpack_featured_media_url":"https:\/\/i0.wp.com\/cdnoticias.com\/wp-content\/uploads\/2022\/08\/DIB-vacunacion-ninos.jpg?fit=1024%2C682&ssl=1","jetpack_sharing_enabled":true,"_links":{"self":[{"href":"https:\/\/cdnoticias.com\/index.php\/wp-json\/wp\/v2\/posts\/66212","targetHints":{"allow":["GET"]}}],"collection":[{"href":"https:\/\/cdnoticias.com\/index.php\/wp-json\/wp\/v2\/posts"}],"about":[{"href":"https:\/\/cdnoticias.com\/index.php\/wp-json\/wp\/v2\/types\/post"}],"author":[{"embeddable":true,"href":"https:\/\/cdnoticias.com\/index.php\/wp-json\/wp\/v2\/users\/4"}],"replies":[{"embeddable":true,"href":"https:\/\/cdnoticias.com\/index.php\/wp-json\/wp\/v2\/comments?post=66212"}],"version-history":[{"count":0,"href":"https:\/\/cdnoticias.com\/index.php\/wp-json\/wp\/v2\/posts\/66212\/revisions"}],"wp:featuredmedia":[{"embeddable":true,"href":"https:\/\/cdnoticias.com\/index.php\/wp-json\/wp\/v2\/media\/63327"}],"wp:attachment":[{"href":"https:\/\/cdnoticias.com\/index.php\/wp-json\/wp\/v2\/media?parent=66212"}],"wp:term":[{"taxonomy":"category","embeddable":true,"href":"https:\/\/cdnoticias.com\/index.php\/wp-json\/wp\/v2\/categories?post=66212"},{"taxonomy":"post_tag","embeddable":true,"href":"https:\/\/cdnoticias.com\/index.php\/wp-json\/wp\/v2\/tags?post=66212"}],"curies":[{"name":"wp","href":"https:\/\/api.w.org\/{rel}","templated":true}]}}