{"id":66204,"date":"2022-10-03T10:13:17","date_gmt":"2022-10-03T13:13:17","guid":{"rendered":"https:\/\/www.centraldenoticias.com.ar\/?p=66204"},"modified":"2022-10-03T11:15:59","modified_gmt":"2022-10-03T14:15:59","slug":"colonia-san-miguel-celebro-su-aniversario-y-la-tradicional-fiesta-de-la-kerb","status":"publish","type":"post","link":"https:\/\/cdnoticias.com\/index.php\/2022\/10\/03\/colonia-san-miguel-celebro-su-aniversario-y-la-tradicional-fiesta-de-la-kerb\/","title":{"rendered":"Colonia San Miguel celebr\u00f3 su aniversario y la tradicional Fiesta de la Kerb"},"content":{"rendered":"<p>Fue el domingo sobre avenida San Miguel Arc\u00e1ngel entre San Mart\u00edn y los Fundadores. Hubo comidas t\u00edpicas, artesanos y danzas.<!--more--><\/p>\n<hr \/>\n<p>Este domingo con una muy buena convocatoria por parte de la comunidad local y de la regi\u00f3n, se desarrollaron los festejos conmemorativos por el 141\u00ba aniversario, sobre Av. San Miguel Arc\u00e1ngel entre San Mart\u00edn y Los Fundadores. <strong>En este marco tambi\u00e9n se celebr\u00f3 la tradicional Fiesta de la Kerb.<\/strong><\/p>\n<p>&nbsp;<\/p>\n<p>El programa de la jornada festiva se inici\u00f3 con la apertura de los puestos de <strong>comidas t\u00edpicas y artesanos.<\/strong><\/p>\n<p>&nbsp;<\/p>\n<p><img data-recalc-dims=\"1\" loading=\"lazy\" decoding=\"async\" class=\"aligncenter size-full wp-image-66206\" src=\"https:\/\/i0.wp.com\/cdnoticias.com\/wp-content\/uploads\/2022\/10\/kerb-colonia-san-miguel04.jpg?resize=800%2C480&#038;ssl=1\" alt=\"\" width=\"800\" height=\"480\" srcset=\"https:\/\/i0.wp.com\/cdnoticias.com\/wp-content\/uploads\/2022\/10\/kerb-colonia-san-miguel04.jpg?w=1160&amp;ssl=1 1160w, https:\/\/i0.wp.com\/cdnoticias.com\/wp-content\/uploads\/2022\/10\/kerb-colonia-san-miguel04.jpg?resize=300%2C180&amp;ssl=1 300w, https:\/\/i0.wp.com\/cdnoticias.com\/wp-content\/uploads\/2022\/10\/kerb-colonia-san-miguel04.jpg?resize=1024%2C614&amp;ssl=1 1024w, https:\/\/i0.wp.com\/cdnoticias.com\/wp-content\/uploads\/2022\/10\/kerb-colonia-san-miguel04.jpg?resize=768%2C461&amp;ssl=1 768w\" sizes=\"auto, (max-width: 800px) 100vw, 800px\" \/><\/p>\n<p>&nbsp;<\/p>\n<p>Por la tarde se realiz\u00f3 el <strong>acto protocolar<\/strong>, que cont\u00f3 con la presencia de autoridades de distintas instituciones representativas. Por parte del Municipio, se hicieron presentes el delegado Guillermo Rikal, el director de Delegaciones C\u00e9sar Bournot, la directora de Relaciones con la Comunidad Laura Sequeira y el concejal Carlos Coscia.<\/p>\n<p>&nbsp;<\/p>\n<p><img data-recalc-dims=\"1\" loading=\"lazy\" decoding=\"async\" class=\"aligncenter size-full wp-image-66208\" src=\"https:\/\/i0.wp.com\/cdnoticias.com\/wp-content\/uploads\/2022\/10\/kerb-colonia-san-miguel02.jpg?resize=800%2C480&#038;ssl=1\" alt=\"\" width=\"800\" height=\"480\" srcset=\"https:\/\/i0.wp.com\/cdnoticias.com\/wp-content\/uploads\/2022\/10\/kerb-colonia-san-miguel02.jpg?w=1160&amp;ssl=1 1160w, https:\/\/i0.wp.com\/cdnoticias.com\/wp-content\/uploads\/2022\/10\/kerb-colonia-san-miguel02.jpg?resize=300%2C180&amp;ssl=1 300w, https:\/\/i0.wp.com\/cdnoticias.com\/wp-content\/uploads\/2022\/10\/kerb-colonia-san-miguel02.jpg?resize=1024%2C614&amp;ssl=1 1024w, https:\/\/i0.wp.com\/cdnoticias.com\/wp-content\/uploads\/2022\/10\/kerb-colonia-san-miguel02.jpg?resize=768%2C461&amp;ssl=1 768w\" sizes=\"auto, (max-width: 800px) 100vw, 800px\" \/><\/p>\n<p>&nbsp;<\/p>\n<p><img data-recalc-dims=\"1\" loading=\"lazy\" decoding=\"async\" class=\"aligncenter size-full wp-image-66207\" src=\"https:\/\/i0.wp.com\/cdnoticias.com\/wp-content\/uploads\/2022\/10\/kerb-colonia-san-miguel03.jpg?resize=800%2C480&#038;ssl=1\" alt=\"\" width=\"800\" height=\"480\" srcset=\"https:\/\/i0.wp.com\/cdnoticias.com\/wp-content\/uploads\/2022\/10\/kerb-colonia-san-miguel03.jpg?w=1105&amp;ssl=1 1105w, https:\/\/i0.wp.com\/cdnoticias.com\/wp-content\/uploads\/2022\/10\/kerb-colonia-san-miguel03.jpg?resize=300%2C180&amp;ssl=1 300w, https:\/\/i0.wp.com\/cdnoticias.com\/wp-content\/uploads\/2022\/10\/kerb-colonia-san-miguel03.jpg?resize=1024%2C614&amp;ssl=1 1024w, https:\/\/i0.wp.com\/cdnoticias.com\/wp-content\/uploads\/2022\/10\/kerb-colonia-san-miguel03.jpg?resize=768%2C461&amp;ssl=1 768w\" sizes=\"auto, (max-width: 800px) 100vw, 800px\" \/><\/p>\n<p>&nbsp;<\/p>\n<p>Participaron delegaciones de la Escuela N\u00ba 5 \u201cIndependencia Argentina\u201d, Jard\u00edn de Infantes N\u00ba 920, Anexo de Secundaria N\u00ba 2, Jubilados, Iglesia, Museo Municipal \u201cMiguel Stoessel M\u00fcller\u201d, Sociedad de Fomento \u201cLos Amigos\u201d y Club Independiente.<\/p>\n<p>&nbsp;<\/p>\n<p>Seguidamente se iniciaron las distintas <strong>presentaciones art\u00edsticas<\/strong> previstas para la jornada festiva. Zumba, taekwondo, danzas \u00e1rabes, danzas alemanas y folclore. Posteriormente se realiz\u00f3 el <strong>corte tradicional de la torta rusa gigante.<\/strong><\/p>\n<p>&nbsp;<\/p>\n<p><img data-recalc-dims=\"1\" loading=\"lazy\" decoding=\"async\" class=\"aligncenter size-full wp-image-66205\" src=\"https:\/\/i0.wp.com\/cdnoticias.com\/wp-content\/uploads\/2022\/10\/Cultura-Kerb-2.jpg?resize=800%2C533&#038;ssl=1\" alt=\"\" width=\"800\" height=\"533\" srcset=\"https:\/\/i0.wp.com\/cdnoticias.com\/wp-content\/uploads\/2022\/10\/Cultura-Kerb-2.jpg?w=1772&amp;ssl=1 1772w, https:\/\/i0.wp.com\/cdnoticias.com\/wp-content\/uploads\/2022\/10\/Cultura-Kerb-2.jpg?resize=300%2C200&amp;ssl=1 300w, https:\/\/i0.wp.com\/cdnoticias.com\/wp-content\/uploads\/2022\/10\/Cultura-Kerb-2.jpg?resize=1024%2C682&amp;ssl=1 1024w, https:\/\/i0.wp.com\/cdnoticias.com\/wp-content\/uploads\/2022\/10\/Cultura-Kerb-2.jpg?resize=768%2C512&amp;ssl=1 768w, https:\/\/i0.wp.com\/cdnoticias.com\/wp-content\/uploads\/2022\/10\/Cultura-Kerb-2.jpg?resize=1536%2C1024&amp;ssl=1 1536w, https:\/\/i0.wp.com\/cdnoticias.com\/wp-content\/uploads\/2022\/10\/Cultura-Kerb-2.jpg?resize=272%2C182&amp;ssl=1 272w, https:\/\/i0.wp.com\/cdnoticias.com\/wp-content\/uploads\/2022\/10\/Cultura-Kerb-2.jpg?w=1600&amp;ssl=1 1600w\" sizes=\"auto, (max-width: 800px) 100vw, 800px\" \/><\/p>\n<p>&nbsp;<\/p>\n<p>La actuaci\u00f3n de N\u00e9stor Beltramella en acorde\u00f3n, fue la antesala del gran cierre a puro baile, a cargo de <strong>\u201cDiamante Rojo\u201d.<\/strong><\/p>\n","protected":false},"excerpt":{"rendered":"<p>Fue el domingo sobre avenida San Miguel Arc\u00e1ngel entre San Mart\u00edn y los Fundadores. Hubo comidas t\u00edpicas, artesanos y danzas.<\/p>\n","protected":false},"author":5,"featured_media":66209,"comment_status":"closed","ping_status":"closed","sticky":false,"template":"","format":"standard","meta":{"_jetpack_memberships_contains_paid_content":false,"footnotes":""},"categories":[5,1],"tags":[],"class_list":["post-66204","post","type-post","status-publish","format-standard","has-post-thumbnail","hentry","category-informacion-general","category-portada"],"jetpack_featured_media_url":"https:\/\/i0.wp.com\/cdnoticias.com\/wp-content\/uploads\/2022\/10\/kerb-colonia-san-miguel01.jpg?fit=1160%2C696&ssl=1","jetpack_sharing_enabled":true,"_links":{"self":[{"href":"https:\/\/cdnoticias.com\/index.php\/wp-json\/wp\/v2\/posts\/66204","targetHints":{"allow":["GET"]}}],"collection":[{"href":"https:\/\/cdnoticias.com\/index.php\/wp-json\/wp\/v2\/posts"}],"about":[{"href":"https:\/\/cdnoticias.com\/index.php\/wp-json\/wp\/v2\/types\/post"}],"author":[{"embeddable":true,"href":"https:\/\/cdnoticias.com\/index.php\/wp-json\/wp\/v2\/users\/5"}],"replies":[{"embeddable":true,"href":"https:\/\/cdnoticias.com\/index.php\/wp-json\/wp\/v2\/comments?post=66204"}],"version-history":[{"count":0,"href":"https:\/\/cdnoticias.com\/index.php\/wp-json\/wp\/v2\/posts\/66204\/revisions"}],"wp:featuredmedia":[{"embeddable":true,"href":"https:\/\/cdnoticias.com\/index.php\/wp-json\/wp\/v2\/media\/66209"}],"wp:attachment":[{"href":"https:\/\/cdnoticias.com\/index.php\/wp-json\/wp\/v2\/media?parent=66204"}],"wp:term":[{"taxonomy":"category","embeddable":true,"href":"https:\/\/cdnoticias.com\/index.php\/wp-json\/wp\/v2\/categories?post=66204"},{"taxonomy":"post_tag","embeddable":true,"href":"https:\/\/cdnoticias.com\/index.php\/wp-json\/wp\/v2\/tags?post=66204"}],"curies":[{"name":"wp","href":"https:\/\/api.w.org\/{rel}","templated":true}]}}