{"id":66183,"date":"2022-10-02T20:19:50","date_gmt":"2022-10-02T23:19:50","guid":{"rendered":"https:\/\/www.centraldenoticias.com.ar\/?p=66183"},"modified":"2022-10-03T07:44:11","modified_gmt":"2022-10-03T10:44:11","slug":"se-conmemoro-un-nuevo-aniversario-de-la-asociacion-de-bomberos-voluntarios-localidad","status":"publish","type":"post","link":"https:\/\/cdnoticias.com\/index.php\/2022\/10\/02\/se-conmemoro-un-nuevo-aniversario-de-la-asociacion-de-bomberos-voluntarios-localidad\/","title":{"rendered":"Se conmemor\u00f3 un nuevo aniversario de la Asociaci\u00f3n de Bomberos Voluntarios"},"content":{"rendered":"<p>Fue en un acto durante la ma\u00f1ana de este domingo. La instituci\u00f3n cumpli\u00f3 73 a\u00f1os. <!--more--><\/p>\n<hr \/>\n<p>En la ma\u00f1ana de este domingo<strong>, se llev\u00f3 a cabo el acto por el 73\u00ba aniversario de la Asociaci\u00f3n de Bomberos Voluntarios de Olavarr\u00eda.<\/strong> La ceremonia se realiz\u00f3 en instalaciones del cuartel central.<\/p>\n<p>&nbsp;<\/p>\n<p><img data-recalc-dims=\"1\" loading=\"lazy\" decoding=\"async\" class=\"aligncenter size-full wp-image-66187\" src=\"https:\/\/i0.wp.com\/cdnoticias.com\/wp-content\/uploads\/2022\/10\/WhatsApp-Image-2022-10-02-at-18.06.17.jpeg?resize=800%2C533&#038;ssl=1\" alt=\"\" width=\"800\" height=\"533\" srcset=\"https:\/\/i0.wp.com\/cdnoticias.com\/wp-content\/uploads\/2022\/10\/WhatsApp-Image-2022-10-02-at-18.06.17.jpeg?w=1200&amp;ssl=1 1200w, https:\/\/i0.wp.com\/cdnoticias.com\/wp-content\/uploads\/2022\/10\/WhatsApp-Image-2022-10-02-at-18.06.17.jpeg?resize=300%2C200&amp;ssl=1 300w, https:\/\/i0.wp.com\/cdnoticias.com\/wp-content\/uploads\/2022\/10\/WhatsApp-Image-2022-10-02-at-18.06.17.jpeg?resize=1024%2C683&amp;ssl=1 1024w, https:\/\/i0.wp.com\/cdnoticias.com\/wp-content\/uploads\/2022\/10\/WhatsApp-Image-2022-10-02-at-18.06.17.jpeg?resize=768%2C512&amp;ssl=1 768w, https:\/\/i0.wp.com\/cdnoticias.com\/wp-content\/uploads\/2022\/10\/WhatsApp-Image-2022-10-02-at-18.06.17.jpeg?resize=272%2C182&amp;ssl=1 272w\" sizes=\"auto, (max-width: 800px) 100vw, 800px\" \/><\/p>\n<p>&nbsp;<\/p>\n<p>En principio, <strong>se realiz\u00f3 la tradicional formaci\u00f3n frente a las puertas del cuartel, para el izamiento de la bandera.<\/strong> Luego bomberos, suboficiales y oficiales pudieron compartir un <strong>desayuno comunitario servido puertas adentro del establecimiento.<\/strong><\/p>\n<p>&nbsp;<\/p>\n<p><img data-recalc-dims=\"1\" loading=\"lazy\" decoding=\"async\" class=\"aligncenter size-full wp-image-66184\" src=\"https:\/\/i0.wp.com\/cdnoticias.com\/wp-content\/uploads\/2022\/10\/WhatsApp-Image-2022-10-02-at-18.06.20.jpeg?resize=800%2C533&#038;ssl=1\" alt=\"\" width=\"800\" height=\"533\" srcset=\"https:\/\/i0.wp.com\/cdnoticias.com\/wp-content\/uploads\/2022\/10\/WhatsApp-Image-2022-10-02-at-18.06.20.jpeg?w=1200&amp;ssl=1 1200w, https:\/\/i0.wp.com\/cdnoticias.com\/wp-content\/uploads\/2022\/10\/WhatsApp-Image-2022-10-02-at-18.06.20.jpeg?resize=300%2C200&amp;ssl=1 300w, https:\/\/i0.wp.com\/cdnoticias.com\/wp-content\/uploads\/2022\/10\/WhatsApp-Image-2022-10-02-at-18.06.20.jpeg?resize=1024%2C683&amp;ssl=1 1024w, https:\/\/i0.wp.com\/cdnoticias.com\/wp-content\/uploads\/2022\/10\/WhatsApp-Image-2022-10-02-at-18.06.20.jpeg?resize=768%2C512&amp;ssl=1 768w, https:\/\/i0.wp.com\/cdnoticias.com\/wp-content\/uploads\/2022\/10\/WhatsApp-Image-2022-10-02-at-18.06.20.jpeg?resize=272%2C182&amp;ssl=1 272w\" sizes=\"auto, (max-width: 800px) 100vw, 800px\" \/><\/p>\n<p>&nbsp;<\/p>\n<p>M\u00e1s tarde, y para finalizar el acto,<strong> las dotaciones se trasladaron hacia el Monumento a Bomberos ubicado en el Parque Mitre<\/strong>, para realizar la tradicional ofrenda floral hacia los bomberos y jefes que formaron parte de la asociaci\u00f3n.<\/p>\n<p>&nbsp;<\/p>\n<p>El acto cont\u00f3 con la presencia del Comandante General Jefe Ra\u00fal Ferreira, el presidente del Consejo Directivo Hugo Fayan\u00e1s, el Comandante Mayor ex Jefe H\u00e9ctor Alberto Hoyos, el ex presidente de la instituci\u00f3n Roque Abel Parra, oficiales, suboficiales, bomberos del cuerpo activo y la reserva.<\/p>\n<p>&nbsp;<\/p>\n<p><img data-recalc-dims=\"1\" loading=\"lazy\" decoding=\"async\" class=\"aligncenter size-full wp-image-66186\" src=\"https:\/\/i0.wp.com\/cdnoticias.com\/wp-content\/uploads\/2022\/10\/WhatsApp-Image-2022-10-02-at-18.06.18.jpeg?resize=800%2C533&#038;ssl=1\" alt=\"\" width=\"800\" height=\"533\" srcset=\"https:\/\/i0.wp.com\/cdnoticias.com\/wp-content\/uploads\/2022\/10\/WhatsApp-Image-2022-10-02-at-18.06.18.jpeg?w=1200&amp;ssl=1 1200w, https:\/\/i0.wp.com\/cdnoticias.com\/wp-content\/uploads\/2022\/10\/WhatsApp-Image-2022-10-02-at-18.06.18.jpeg?resize=300%2C200&amp;ssl=1 300w, https:\/\/i0.wp.com\/cdnoticias.com\/wp-content\/uploads\/2022\/10\/WhatsApp-Image-2022-10-02-at-18.06.18.jpeg?resize=1024%2C683&amp;ssl=1 1024w, https:\/\/i0.wp.com\/cdnoticias.com\/wp-content\/uploads\/2022\/10\/WhatsApp-Image-2022-10-02-at-18.06.18.jpeg?resize=768%2C512&amp;ssl=1 768w, https:\/\/i0.wp.com\/cdnoticias.com\/wp-content\/uploads\/2022\/10\/WhatsApp-Image-2022-10-02-at-18.06.18.jpeg?resize=272%2C182&amp;ssl=1 272w\" sizes=\"auto, (max-width: 800px) 100vw, 800px\" \/><\/p>\n<p>&nbsp;<\/p>\n<p>Se indic\u00f3 que la ocasi\u00f3n no s\u00f3lo sirvi\u00f3 para <em>\u201cgenerar espacios de reencuentro y camarader\u00eda sino tambi\u00e9n para recordar a cada persona que, a lo largo del tiempo, hizo posible que hoy Bomberos de Olavarr\u00eda sea lo que es: un destacamento respetado, con valores claros y un trabajo incansable\u201d.<\/em><\/p>\n","protected":false},"excerpt":{"rendered":"<p>Fue en un acto durante la ma\u00f1ana de este domingo. La instituci\u00f3n cumpli\u00f3 73 a\u00f1os.<\/p>\n","protected":false},"author":5,"featured_media":66185,"comment_status":"closed","ping_status":"closed","sticky":false,"template":"","format":"standard","meta":{"_jetpack_memberships_contains_paid_content":false,"footnotes":""},"categories":[5,1],"tags":[],"class_list":["post-66183","post","type-post","status-publish","format-standard","has-post-thumbnail","hentry","category-informacion-general","category-portada"],"jetpack_featured_media_url":"https:\/\/i0.wp.com\/cdnoticias.com\/wp-content\/uploads\/2022\/10\/WhatsApp-Image-2022-10-02-at-18.06.19.jpeg?fit=1200%2C800&ssl=1","jetpack_sharing_enabled":true,"_links":{"self":[{"href":"https:\/\/cdnoticias.com\/index.php\/wp-json\/wp\/v2\/posts\/66183","targetHints":{"allow":["GET"]}}],"collection":[{"href":"https:\/\/cdnoticias.com\/index.php\/wp-json\/wp\/v2\/posts"}],"about":[{"href":"https:\/\/cdnoticias.com\/index.php\/wp-json\/wp\/v2\/types\/post"}],"author":[{"embeddable":true,"href":"https:\/\/cdnoticias.com\/index.php\/wp-json\/wp\/v2\/users\/5"}],"replies":[{"embeddable":true,"href":"https:\/\/cdnoticias.com\/index.php\/wp-json\/wp\/v2\/comments?post=66183"}],"version-history":[{"count":0,"href":"https:\/\/cdnoticias.com\/index.php\/wp-json\/wp\/v2\/posts\/66183\/revisions"}],"wp:featuredmedia":[{"embeddable":true,"href":"https:\/\/cdnoticias.com\/index.php\/wp-json\/wp\/v2\/media\/66185"}],"wp:attachment":[{"href":"https:\/\/cdnoticias.com\/index.php\/wp-json\/wp\/v2\/media?parent=66183"}],"wp:term":[{"taxonomy":"category","embeddable":true,"href":"https:\/\/cdnoticias.com\/index.php\/wp-json\/wp\/v2\/categories?post=66183"},{"taxonomy":"post_tag","embeddable":true,"href":"https:\/\/cdnoticias.com\/index.php\/wp-json\/wp\/v2\/tags?post=66183"}],"curies":[{"name":"wp","href":"https:\/\/api.w.org\/{rel}","templated":true}]}}