{"id":66178,"date":"2022-10-02T18:41:39","date_gmt":"2022-10-02T21:41:39","guid":{"rendered":"https:\/\/www.centraldenoticias.com.ar\/?p=66178"},"modified":"2022-10-03T07:50:53","modified_gmt":"2022-10-03T10:50:53","slug":"confirman-que-el-nuevo-juzgado-administrativo-de-infracciones-de-transito-tendra-sede-en-olavarria","status":"publish","type":"post","link":"https:\/\/cdnoticias.com\/index.php\/2022\/10\/02\/confirman-que-el-nuevo-juzgado-administrativo-de-infracciones-de-transito-tendra-sede-en-olavarria\/","title":{"rendered":"El nuevo Juzgado Administrativo de Infracciones de Tr\u00e1nsito tendr\u00e1 sede en Olavarr\u00eda"},"content":{"rendered":"<p>As\u00ed lo indic\u00f3 Bel\u00e9n Vergel, del radicalismo: \u201ces la posibilidad de que cada uno pueda ejercer su derecho de defensa a menos cantidad de kil\u00f3metros que los que actualmente tiene que hacer\u201d dijo. <!--more--><\/p>\n<hr \/>\n<p>Tras confirmar la<strong> creaci\u00f3n del Juzgado Administrativo de Infracciones de Tr\u00e1nsito Provincial para la regi\u00f3n centro bonaerense, se inform\u00f3 que la sede funcionar\u00e1 en Olavarr\u00eda<\/strong> m\u00e1s all\u00e1 de que refiere al \u201cDepartamento Azul\u201d. As\u00ed lo coment\u00f3 <strong>Bel\u00e9n Vergel en una nota publicada en Diario El Tiempo de Azul.<\/strong><\/p>\n<p>&nbsp;<\/p>\n<p>Vergel destac\u00f3 la oportunidad de tener un organismo este tipo dado que<em> \u201ces la posibilidad de que cada uno pueda ejercer su derecho de defensa a menos cantidad de kil\u00f3metros que los que actualmente tiene que hacer. Y era algo que ya estaba creado, que ya estaba preparado para comenzar a funcionar, y por cuestiones administrativas de no abrir nuevamente el concurso, es que no se permiti\u00f3 que esto funcionara como as\u00ed lo establec\u00eda la ley&#8221;.<\/em><\/p>\n<p>&nbsp;<\/p>\n<blockquote><p>Tanto la concejal de la UCR como su par de bancada, Sebasti\u00e1n Matrella, <a href=\"https:\/\/cdnoticias.com\/index.php\/2022\/09\/28\/la-concejal-vergel-destaco-que-se-reabrira-el-juzgado-de-infracciones-de-transito-de-azul\/\" target=\"_blank\" rel=\"noopener\">presentaron una propuesta en el Concejo Deliberante<\/a> para normalizar dicha situaci\u00f3n dado que en los formalismos hay varios de estos organismos creados, pero ninguno de ellos implementado de forma efectiva.<\/p><\/blockquote>\n<p>&nbsp;<\/p>\n<p><strong><em>\u201cTambi\u00e9n creemos que en alg\u00fan momento va a ser necesaria la creaci\u00f3n del resto. Estamos hablando de veinte y de que actualmente hay en funcionamiento s\u00f3lo ocho<\/em><\/strong>&#8221; agreg\u00f3 Vergel.<\/p>\n<p>&nbsp;<\/p>\n<blockquote><p>En tal sentido, subray\u00f3 que &#8220;todo lo que facilite que cualquier ciudadano pueda ejercer sus derechos y estar cerca de los lugares donde funciona la administraci\u00f3n, va a ser bienvenido&#8221;.<\/p><\/blockquote>\n<p>&nbsp;<\/p>\n<p>La edil coment\u00f3, a su vez, que las comunicaciones se trabajaron en conjunto con el concejal Marcos Badillo, de Tandil, para avanzar en la creaci\u00f3n de organismos en la regi\u00f3n.<\/p>\n<p>&nbsp;<\/p>\n<p>Uno de los principales problemas que observa, en tanto, es que<strong><em> \u201cmucha gente no paga las multas [producidas en rutas con trazado en territorio bonaerense, en este caso] y que termina resolviendo la situaci\u00f3n al momento de la venta de un veh\u00edculo, porque se encuentra -cuando va a pedir el libre deuda- que le salta una multa&#8221;.<\/em><\/strong><\/p>\n<p>&nbsp;<\/p>\n<p>Otro de los temas, en tanto, es<strong> la naturalizaci\u00f3n de la poca cantidad de juzgados en la Provincia<\/strong>: <em>\u201cla gente entiende que es as\u00ed y que corresponde ir y hacer el pago a Dolores o a Mar del Plata. Esto vino a ra\u00edz de hacer una investigaci\u00f3n de c\u00f3mo estaba la creaci\u00f3n de los juzgados, cu\u00e1ntos juzgados ten\u00eda la provincia y ah\u00ed descubrimos que ya estaban creados y que hab\u00eda no solamente uno para nuestra zona, sino m\u00e1s cantidad para el resto de la provincia&#8221;.<\/em><\/p>\n<p>&nbsp;<\/p>\n<p>Apunt\u00f3, en ese sentido, que &#8220;<em>conocimos recientemente un caso en que, si no hac\u00eda el pago &#8220;voluntario&#8221; del 50%, no pod\u00eda concretar la transferencia del veh\u00edculo. Y si muchos no se han quejado es precisamente porque son situaciones muy puntuales en las que se han dado cuenta que ten\u00edan multas&#8221;.<\/em><\/p>\n<p>&nbsp;<\/p>\n<p>La legislaci\u00f3n que implementa estos juzgados es la Ley Provincial 13.927, y para el<strong> \u201cDepartamento de Azul\u201d se informa que la sede es en Olavarr\u00eda y tendr\u00e1 competencia territorial en los distritos de Azul, Benito Ju\u00e1rez, Bol\u00edvar, General Alvear, General La Madrid, Laprida, Las Flores, Olavarr\u00eda, Rauch, Tandil y Tapalqu\u00e9&#8221;.<\/strong><\/p>\n","protected":false},"excerpt":{"rendered":"<p>As\u00ed lo indic\u00f3 Bel\u00e9n Vergel, del radicalismo: \u201ces la posibilidad de que cada uno pueda ejercer su derecho de defensa<\/p>\n","protected":false},"author":5,"featured_media":32043,"comment_status":"closed","ping_status":"closed","sticky":false,"template":"","format":"standard","meta":{"_jetpack_memberships_contains_paid_content":false,"footnotes":""},"categories":[4,1],"tags":[],"class_list":["post-66178","post","type-post","status-publish","format-standard","has-post-thumbnail","hentry","category-politica","category-portada"],"jetpack_featured_media_url":"https:\/\/i0.wp.com\/cdnoticias.com\/wp-content\/uploads\/2021\/09\/Vergel2.jpg?fit=4608%2C2564&ssl=1","jetpack_sharing_enabled":true,"_links":{"self":[{"href":"https:\/\/cdnoticias.com\/index.php\/wp-json\/wp\/v2\/posts\/66178","targetHints":{"allow":["GET"]}}],"collection":[{"href":"https:\/\/cdnoticias.com\/index.php\/wp-json\/wp\/v2\/posts"}],"about":[{"href":"https:\/\/cdnoticias.com\/index.php\/wp-json\/wp\/v2\/types\/post"}],"author":[{"embeddable":true,"href":"https:\/\/cdnoticias.com\/index.php\/wp-json\/wp\/v2\/users\/5"}],"replies":[{"embeddable":true,"href":"https:\/\/cdnoticias.com\/index.php\/wp-json\/wp\/v2\/comments?post=66178"}],"version-history":[{"count":0,"href":"https:\/\/cdnoticias.com\/index.php\/wp-json\/wp\/v2\/posts\/66178\/revisions"}],"wp:featuredmedia":[{"embeddable":true,"href":"https:\/\/cdnoticias.com\/index.php\/wp-json\/wp\/v2\/media\/32043"}],"wp:attachment":[{"href":"https:\/\/cdnoticias.com\/index.php\/wp-json\/wp\/v2\/media?parent=66178"}],"wp:term":[{"taxonomy":"category","embeddable":true,"href":"https:\/\/cdnoticias.com\/index.php\/wp-json\/wp\/v2\/categories?post=66178"},{"taxonomy":"post_tag","embeddable":true,"href":"https:\/\/cdnoticias.com\/index.php\/wp-json\/wp\/v2\/tags?post=66178"}],"curies":[{"name":"wp","href":"https:\/\/api.w.org\/{rel}","templated":true}]}}