{"id":66173,"date":"2022-10-02T15:21:25","date_gmt":"2022-10-02T18:21:25","guid":{"rendered":"https:\/\/www.centraldenoticias.com.ar\/?p=66173"},"modified":"2022-10-02T19:05:14","modified_gmt":"2022-10-02T22:05:14","slug":"incendian-la-vivienda-de-un-hombre-acusado-de-abuso-sexual","status":"publish","type":"post","link":"https:\/\/cdnoticias.com\/index.php\/2022\/10\/02\/incendian-la-vivienda-de-un-hombre-acusado-de-abuso-sexual\/","title":{"rendered":"Incendian la vivienda de un hombre acusado de abuso sexual"},"content":{"rendered":"<p>Fue este domingo en barrio Los Cuarteles. El hombre habr\u00eda recibido una golpiza y debi\u00f3 ser internado en el Hospital Municipal. Tiene dos denuncias por abuso sexual.<!--more--><\/p>\n<hr \/>\n<p><em>Fuente y foto: <a href=\"https:\/\/enlineanoticias.com.ar\/barrio-cuarteles-incendio-en-la-vivienda-del-hombre-a-quienes-vecinos-denunciaron-por-abuso-sexual\/\" target=\"_blank\" rel=\"noopener\">En L\u00ednea Noticias<\/a><\/em><\/p>\n<p>&nbsp;<\/p>\n<p>Sobre el mediod\u00eda de este domingo se registr\u00f3 un importante incendio en una <strong>vivienda ubicada en calle 155 y Alsina, en el barrio Los Cuarteles.<\/strong><\/p>\n<p>&nbsp;<\/p>\n<p>Las primeras informaciones dan cuenta que en la vivienda incendiada reside el hombre a quienes los vecinos denunciaron por abuso sexual.<\/p>\n<p>&nbsp;<\/p>\n<p>Al decir de los vecinos este domingo el hombre regreso a su vivienda y cuando su presencia fue advertida en el lugar <strong>recibi\u00f3 una golpiza que oblig\u00f3 su internaci\u00f3n en el Hospital Municipal.<\/strong><\/p>\n<p>&nbsp;<\/p>\n<blockquote><p>Posteriormente se registr\u00f3 el incendio de la vivienda y ahora se investiga como un hecho intencional.<\/p><\/blockquote>\n<p>&nbsp;<\/p>\n<p>Al lugar concurri\u00f3 la Unidad N\u00b0 23 del Cuartel Central de Bomberos que trabaj\u00f3 bajo un importante operativo de seguridad.<\/p>\n<p>&nbsp;<\/p>\n<p>Tras el incendio se confirm\u00f3 a trav\u00e9s de fuentes oficiales que<strong> sobre el hombre due\u00f1o de la vivienda pesan dos denuncias por abuso sexual<\/strong> que est\u00e1n en manos de la justicia.<\/p>\n","protected":false},"excerpt":{"rendered":"<p>Fue este domingo en barrio Los Cuarteles. El hombre habr\u00eda recibido una golpiza y debi\u00f3 ser internado en el Hospital<\/p>\n","protected":false},"author":5,"featured_media":66174,"comment_status":"closed","ping_status":"closed","sticky":false,"template":"","format":"standard","meta":{"_jetpack_memberships_contains_paid_content":false,"footnotes":""},"categories":[14,1],"tags":[],"class_list":["post-66173","post","type-post","status-publish","format-standard","has-post-thumbnail","hentry","category-policiales","category-portada"],"jetpack_featured_media_url":"https:\/\/i0.wp.com\/cdnoticias.com\/wp-content\/uploads\/2022\/10\/incendio-casa-los-cuarteles.jpg?fit=1280%2C853&ssl=1","jetpack_sharing_enabled":true,"_links":{"self":[{"href":"https:\/\/cdnoticias.com\/index.php\/wp-json\/wp\/v2\/posts\/66173","targetHints":{"allow":["GET"]}}],"collection":[{"href":"https:\/\/cdnoticias.com\/index.php\/wp-json\/wp\/v2\/posts"}],"about":[{"href":"https:\/\/cdnoticias.com\/index.php\/wp-json\/wp\/v2\/types\/post"}],"author":[{"embeddable":true,"href":"https:\/\/cdnoticias.com\/index.php\/wp-json\/wp\/v2\/users\/5"}],"replies":[{"embeddable":true,"href":"https:\/\/cdnoticias.com\/index.php\/wp-json\/wp\/v2\/comments?post=66173"}],"version-history":[{"count":0,"href":"https:\/\/cdnoticias.com\/index.php\/wp-json\/wp\/v2\/posts\/66173\/revisions"}],"wp:featuredmedia":[{"embeddable":true,"href":"https:\/\/cdnoticias.com\/index.php\/wp-json\/wp\/v2\/media\/66174"}],"wp:attachment":[{"href":"https:\/\/cdnoticias.com\/index.php\/wp-json\/wp\/v2\/media?parent=66173"}],"wp:term":[{"taxonomy":"category","embeddable":true,"href":"https:\/\/cdnoticias.com\/index.php\/wp-json\/wp\/v2\/categories?post=66173"},{"taxonomy":"post_tag","embeddable":true,"href":"https:\/\/cdnoticias.com\/index.php\/wp-json\/wp\/v2\/tags?post=66173"}],"curies":[{"name":"wp","href":"https:\/\/api.w.org\/{rel}","templated":true}]}}