{"id":6615,"date":"2020-11-16T09:06:46","date_gmt":"2020-11-16T12:06:46","guid":{"rendered":"http:\/\/www.centraldenoticias.com.ar\/?p=6615"},"modified":"2020-11-16T09:06:46","modified_gmt":"2020-11-16T12:06:46","slug":"comienza-la-colecta-navidena-dar-es-dar","status":"publish","type":"post","link":"https:\/\/cdnoticias.com\/index.php\/2020\/11\/16\/comienza-la-colecta-navidena-dar-es-dar\/","title":{"rendered":"Comienza la colecta navide\u00f1a \u201cDar es dar\u201d"},"content":{"rendered":"<p>Organizado por la Agrupaci\u00f3n Social Sumando Sonrisas junto a una decena de parroquias, se ubicar\u00e1n en las puertas de los supermercados Tres Estrellas juntando alimentos \u201cpara que familias pasen una mejor navidad\u201d.<!--more--><\/p>\n<hr \/>\n<p>Este lunes <strong>comenz\u00f3 la colecta navide\u00f1a \u201cDar es dar\u201d organizada por la Agrupaci\u00f3n Social \u201cSumando Sonrisas\u201d<\/strong> junto a una decena de parroquias. Estar\u00e1n ubicados en las puertas de las sedes de los supermercados Tres Estrellas.<\/p>\n<p>&nbsp;<\/p>\n<blockquote><p>En un comunicado emitido este domingo, indicaron que \u201cvos pod\u00e9s ayudar a que muchas familias pasen una mejor Navidad\u201d. La campa\u00f1a continuar\u00e1 hasta el 21 de diciembre.<\/p><\/blockquote>\n<p>&nbsp;<\/p>\n<p>Adem\u00e1s de Sumando Sonrisas, participa la Parroquia Monte Viggiano, Templo San Francisco de As\u00eds, Capilla La Virgen Ni\u00f1a, Capilla Lourdes, Capilla La Esperanza, Capilla Inmaculada, Capilla Santa Isabel y Capilla Guadalupe.<\/p>\n<p>&nbsp;<\/p>\n<p>Adem\u00e1s de <strong>ubicarse en las sucursales de los supermercados, se podr\u00e1n comunicar a los celulares<\/strong> 2284-694722 (Silvana) o (Andrea) al 2284-354309.<\/p>\n","protected":false},"excerpt":{"rendered":"<p>Organizado por la Agrupaci\u00f3n Social Sumando Sonrisas junto a una decena de parroquias, se ubicar\u00e1n en las puertas de los<\/p>\n","protected":false},"author":2,"featured_media":6617,"comment_status":"closed","ping_status":"closed","sticky":false,"template":"","format":"standard","meta":{"_jetpack_memberships_contains_paid_content":false,"footnotes":""},"categories":[5,1],"tags":[],"class_list":["post-6615","post","type-post","status-publish","format-standard","has-post-thumbnail","hentry","category-informacion-general","category-portada"],"jetpack_featured_media_url":"https:\/\/i0.wp.com\/cdnoticias.com\/wp-content\/uploads\/2020\/11\/canasta-navide%C3%B1a.jpg?fit=1500%2C900&ssl=1","jetpack_sharing_enabled":true,"_links":{"self":[{"href":"https:\/\/cdnoticias.com\/index.php\/wp-json\/wp\/v2\/posts\/6615","targetHints":{"allow":["GET"]}}],"collection":[{"href":"https:\/\/cdnoticias.com\/index.php\/wp-json\/wp\/v2\/posts"}],"about":[{"href":"https:\/\/cdnoticias.com\/index.php\/wp-json\/wp\/v2\/types\/post"}],"author":[{"embeddable":true,"href":"https:\/\/cdnoticias.com\/index.php\/wp-json\/wp\/v2\/users\/2"}],"replies":[{"embeddable":true,"href":"https:\/\/cdnoticias.com\/index.php\/wp-json\/wp\/v2\/comments?post=6615"}],"version-history":[{"count":0,"href":"https:\/\/cdnoticias.com\/index.php\/wp-json\/wp\/v2\/posts\/6615\/revisions"}],"wp:featuredmedia":[{"embeddable":true,"href":"https:\/\/cdnoticias.com\/index.php\/wp-json\/wp\/v2\/media\/6617"}],"wp:attachment":[{"href":"https:\/\/cdnoticias.com\/index.php\/wp-json\/wp\/v2\/media?parent=6615"}],"wp:term":[{"taxonomy":"category","embeddable":true,"href":"https:\/\/cdnoticias.com\/index.php\/wp-json\/wp\/v2\/categories?post=6615"},{"taxonomy":"post_tag","embeddable":true,"href":"https:\/\/cdnoticias.com\/index.php\/wp-json\/wp\/v2\/tags?post=6615"}],"curies":[{"name":"wp","href":"https:\/\/api.w.org\/{rel}","templated":true}]}}