{"id":66126,"date":"2022-10-01T11:46:07","date_gmt":"2022-10-01T14:46:07","guid":{"rendered":"https:\/\/www.centraldenoticias.com.ar\/?p=66126"},"modified":"2022-10-01T17:29:38","modified_gmt":"2022-10-01T20:29:38","slug":"barrio-lujan-un-hombre-asesino-a-una-perra-e-intento-agredir-a-una-mujer-con-una-cuchilla","status":"publish","type":"post","link":"https:\/\/cdnoticias.com\/index.php\/2022\/10\/01\/barrio-lujan-un-hombre-asesino-a-una-perra-e-intento-agredir-a-una-mujer-con-una-cuchilla\/","title":{"rendered":"Barrio Luj\u00e1n: Un hombre asesin\u00f3 a una perra e intent\u00f3 agredir a una mujer con una cuchilla"},"content":{"rendered":"<p>As\u00ed fue denunciado por la protectora CRAO en la jornada del viernes. \u201cSe hizo la denuncia pero este asesino todav\u00eda no est\u00e1 preso\u201d indicaron.<!--more--><\/p>\n<hr \/>\n<p>Este viernes,<strong> la agrupaci\u00f3n proteccionista de animales Cuidado Responsable de Animales de Olavarr\u00eda (CRAO) denunci\u00f3 la muerte de un animal a pu\u00f1aladas por parte de un vecino en el barrio Luj\u00e1n, e incluso el intento de agredir a una mujer con el mismo cuchillo.<\/strong> El caso fue denunciado e indicaron que esperan la acci\u00f3n de la Justicia.<\/p>\n<p>&nbsp;<\/p>\n<p>El hecho se produjo en la zona de \u00c1lvaro Barros al 4200, cuando <strong>en el marco de una pelea entre perros un vecino sac\u00f3 una cuchilla y asesin\u00f3 a una de las perras.<\/strong><\/p>\n<p>&nbsp;<\/p>\n<p>Ante los gritos y el revuelo una comerciante \u2013e integrante de la proteccionista-<strong> intent\u00f3 detener al hombre pero este reaccion\u00f3 y seg\u00fan lo que consta en la denuncia policial <em>\u201cintent\u00f3 agredirla con la misma cuchilla\u201d.<\/em><\/strong><\/p>\n<p>&nbsp;<\/p>\n<p><em>\u201cLa comerciante escuch\u00f3 los gritos desesperados del animal y fue a defenderlo, no se la pudo sacar e incluso este asesino trat\u00f3 de apu\u00f1alar a ella, quien fue socorrida por un transe\u00fante\u201d<\/em> dijeron desde CRAO.<\/p>\n<p>&nbsp;<\/p>\n<blockquote><p>Tras el hecho, la perra fue trasladada a un centro veterinario donde lamentablemente no pudieron salvarla y muri\u00f3.<\/p><\/blockquote>\n<p>&nbsp;<\/p>\n<p>Si bien desde CRAO se inform\u00f3 la realizaci\u00f3n de una denuncia y dejaron en claro que<strong><em> \u201ceste asesino todav\u00eda no est\u00e1 preso\u201d<\/em><\/strong> sumado al pedido de Justicia, <strong>se logr\u00f3 saber que hubo dos radicaciones en la Comisar\u00eda Segunda: por un lado, la due\u00f1a del animal por el asesinato del perro; por el otro, la comerciante que fue atacada por el hombre con la cuchilla al intentar intervenir en el hecho.<\/strong><\/p>\n<p>&nbsp;<\/p>\n<p><a href=\"https:\/\/www.instagram.com\/p\/CjJdFYiOnxj\/\" target=\"_blank\" rel=\"noopener\">En este posteo, la publicaci\u00f3n completa de la agrupaci\u00f3n CRAO en Instagram.<strong> Tiene im\u00e1genes sensibles.\u00a0<\/strong><\/a><\/p>\n","protected":false},"excerpt":{"rendered":"<p>As\u00ed fue denunciado por la protectora CRAO en la jornada del viernes. \u201cSe hizo la denuncia pero este asesino todav\u00eda<\/p>\n","protected":false},"author":2,"featured_media":66127,"comment_status":"closed","ping_status":"closed","sticky":false,"template":"","format":"standard","meta":{"_jetpack_memberships_contains_paid_content":false,"footnotes":""},"categories":[14,1],"tags":[],"class_list":["post-66126","post","type-post","status-publish","format-standard","has-post-thumbnail","hentry","category-policiales","category-portada"],"jetpack_featured_media_url":"https:\/\/i0.wp.com\/cdnoticias.com\/wp-content\/uploads\/2022\/10\/crao-perra.jpg?fit=595%2C423&ssl=1","jetpack_sharing_enabled":true,"_links":{"self":[{"href":"https:\/\/cdnoticias.com\/index.php\/wp-json\/wp\/v2\/posts\/66126","targetHints":{"allow":["GET"]}}],"collection":[{"href":"https:\/\/cdnoticias.com\/index.php\/wp-json\/wp\/v2\/posts"}],"about":[{"href":"https:\/\/cdnoticias.com\/index.php\/wp-json\/wp\/v2\/types\/post"}],"author":[{"embeddable":true,"href":"https:\/\/cdnoticias.com\/index.php\/wp-json\/wp\/v2\/users\/2"}],"replies":[{"embeddable":true,"href":"https:\/\/cdnoticias.com\/index.php\/wp-json\/wp\/v2\/comments?post=66126"}],"version-history":[{"count":0,"href":"https:\/\/cdnoticias.com\/index.php\/wp-json\/wp\/v2\/posts\/66126\/revisions"}],"wp:featuredmedia":[{"embeddable":true,"href":"https:\/\/cdnoticias.com\/index.php\/wp-json\/wp\/v2\/media\/66127"}],"wp:attachment":[{"href":"https:\/\/cdnoticias.com\/index.php\/wp-json\/wp\/v2\/media?parent=66126"}],"wp:term":[{"taxonomy":"category","embeddable":true,"href":"https:\/\/cdnoticias.com\/index.php\/wp-json\/wp\/v2\/categories?post=66126"},{"taxonomy":"post_tag","embeddable":true,"href":"https:\/\/cdnoticias.com\/index.php\/wp-json\/wp\/v2\/tags?post=66126"}],"curies":[{"name":"wp","href":"https:\/\/api.w.org\/{rel}","templated":true}]}}