{"id":66073,"date":"2022-10-01T10:36:03","date_gmt":"2022-10-01T13:36:03","guid":{"rendered":"https:\/\/www.centraldenoticias.com.ar\/?p=66073"},"modified":"2022-10-01T10:36:03","modified_gmt":"2022-10-01T13:36:03","slug":"abierta-la-inscripcion-al-concurso-olavarria-compone","status":"publish","type":"post","link":"https:\/\/cdnoticias.com\/index.php\/2022\/10\/01\/abierta-la-inscripcion-al-concurso-olavarria-compone\/","title":{"rendered":"Abierta la inscripci\u00f3n al Concurso \u201cOlavarr\u00eda Compone\u201d"},"content":{"rendered":"<p>Est\u00e1 destinado a artistas musicales, mayores de 15 a\u00f1os, que cuenten con composiciones propias, de cualquier g\u00e9nero musical, solista o grupal.<!--more--><\/p>\n<hr \/>\n<p>Del<strong> 3 al 14 de octubre<\/strong> se realizar\u00e1 la<strong> inscripci\u00f3n <\/strong>para el<strong> Concurso \u201cOlavarr\u00eda Compone\u201d<\/strong> <strong>destinado a artistas musicales, mayores de 15 a\u00f1os, que cuenten con composiciones propias, de cualquier g\u00e9nero musical, solista o grupal.<\/strong><\/p>\n<p>&nbsp;<\/p>\n<p>La propuesta es impulsada de manera conjunta por los <strong>Municipios de Olavarr\u00eda y Lan\u00fas,<\/strong> y tiene como objetivo convocar a artistas musicales de la ciudad de Olavarr\u00eda, a los fines de facilitar la visibilizaci\u00f3n de sus creaciones, premiando la labor musical creativa.<\/p>\n<p>&nbsp;<\/p>\n<p>El concurso buscar\u00e1 elegir a un grupo musical y a un\/a cantante solista, quienes<strong> grabar\u00e1n tres temas de su autor\u00eda<\/strong> y <strong>obtendr\u00e1n el registro videogr\u00e1fico del proceso en los estudios Lan\u00fas Records,<\/strong> de la Secretar\u00eda de Cultura e Inclusi\u00f3n Social del Municipio de Lan\u00fas. Dichas obras ser\u00e1n publicadas en las plataformas digitales del Estudio y del Municipio de Olavarr\u00eda.<\/p>\n<p>&nbsp;<\/p>\n<p><strong>Requisitos<\/strong><\/p>\n<p>&nbsp;<\/p>\n<p>Podr\u00e1n participar <strong>bandas y\/o solista de rock, pop, reggae, tango, jazz, folklore y tropical cumbia y cuarteto, alternativo y fusi\u00f3n,<\/strong> entre otros del partido de Olavarr\u00eda.<\/p>\n<p>&nbsp;<\/p>\n<p>Los interesados deber\u00e1n registrarse <strong>completando un formulario de inscripci\u00f3n<\/strong> (que se descarga de la web www.olavarria.gov.ar) y luego enviarlo por correo electr\u00f3nico a dircultura@olavarria.gov.ar bajo el asunto OLAVARRIA COMPONE + SEUDONIMO, junto a la canci\u00f3n a concursar. Tambi\u00e9n, el formulario de inscripci\u00f3n y la convocatoria ser\u00e1n difundidas v\u00eda redes sociales de la Subsecretar\u00eda de Cultura y Educaci\u00f3n de Olavarr\u00eda.<\/p>\n<p>&nbsp;<\/p>\n<p>Una vez finalizada la inscripci\u00f3n, el <strong>jurado preseleccionar\u00e1 5 bandas y 5 solistas que se presentar\u00e1n en vivo,<\/strong> con la participaci\u00f3n de tres temas, el <strong>domingo 30 de octubre en un evento musical que se realizar\u00e1 en la Casa del Bicentenario. <\/strong>De ah\u00ed quedar\u00e1n seleccionados los primeros puestos de solista y banda que ser\u00e1n premiados con la grabaci\u00f3n en Lan\u00fas Record.<\/p>\n<p>&nbsp;<\/p>\n<p>Por consultas comunicarse a Subsecretar\u00eda de Cultura y Educaci\u00f3n, Coronel Su\u00e1rez 2924, lunes a viernes de 8 a 13 horas, tel\u00e9fono: 421780- 426053, mail: dircultura@olavarria.gov.ar.<\/p>\n","protected":false},"excerpt":{"rendered":"<p>Est\u00e1 destinado a artistas musicales, mayores de 15 a\u00f1os, que cuenten con composiciones propias, de cualquier g\u00e9nero musical, solista o<\/p>\n","protected":false},"author":6,"featured_media":66074,"comment_status":"closed","ping_status":"closed","sticky":false,"template":"","format":"standard","meta":{"_jetpack_memberships_contains_paid_content":false,"footnotes":""},"categories":[9,1],"tags":[],"class_list":["post-66073","post","type-post","status-publish","format-standard","has-post-thumbnail","hentry","category-cultura","category-portada"],"jetpack_featured_media_url":"https:\/\/i0.wp.com\/cdnoticias.com\/wp-content\/uploads\/2022\/09\/Cultura-Musica-Casa-Bicentenario-3-1024x683-1.jpg?fit=1024%2C683&ssl=1","jetpack_sharing_enabled":true,"_links":{"self":[{"href":"https:\/\/cdnoticias.com\/index.php\/wp-json\/wp\/v2\/posts\/66073","targetHints":{"allow":["GET"]}}],"collection":[{"href":"https:\/\/cdnoticias.com\/index.php\/wp-json\/wp\/v2\/posts"}],"about":[{"href":"https:\/\/cdnoticias.com\/index.php\/wp-json\/wp\/v2\/types\/post"}],"author":[{"embeddable":true,"href":"https:\/\/cdnoticias.com\/index.php\/wp-json\/wp\/v2\/users\/6"}],"replies":[{"embeddable":true,"href":"https:\/\/cdnoticias.com\/index.php\/wp-json\/wp\/v2\/comments?post=66073"}],"version-history":[{"count":0,"href":"https:\/\/cdnoticias.com\/index.php\/wp-json\/wp\/v2\/posts\/66073\/revisions"}],"wp:featuredmedia":[{"embeddable":true,"href":"https:\/\/cdnoticias.com\/index.php\/wp-json\/wp\/v2\/media\/66074"}],"wp:attachment":[{"href":"https:\/\/cdnoticias.com\/index.php\/wp-json\/wp\/v2\/media?parent=66073"}],"wp:term":[{"taxonomy":"category","embeddable":true,"href":"https:\/\/cdnoticias.com\/index.php\/wp-json\/wp\/v2\/categories?post=66073"},{"taxonomy":"post_tag","embeddable":true,"href":"https:\/\/cdnoticias.com\/index.php\/wp-json\/wp\/v2\/tags?post=66073"}],"curies":[{"name":"wp","href":"https:\/\/api.w.org\/{rel}","templated":true}]}}