{"id":66070,"date":"2022-10-01T10:35:56","date_gmt":"2022-10-01T13:35:56","guid":{"rendered":"https:\/\/www.centraldenoticias.com.ar\/?p=66070"},"modified":"2022-10-01T10:35:56","modified_gmt":"2022-10-01T13:35:56","slug":"charla-sobre-turismo-en-la-sede-regional-del-instituto-republica","status":"publish","type":"post","link":"https:\/\/cdnoticias.com\/index.php\/2022\/10\/01\/charla-sobre-turismo-en-la-sede-regional-del-instituto-republica\/","title":{"rendered":"Charla sobre Turismo en la sede regional del Instituto Rep\u00fablica"},"content":{"rendered":"<p>Ser\u00e1 el pr\u00f3ximo jueves 6 de octubre a las 19 horas en Vicente L\u00f3pez 3246.<!--more--><\/p>\n<hr \/>\n<p>&nbsp;<\/p>\n<p>El pr\u00f3ximo <strong>jueves 6 de octubre a las 19<\/strong> horas se realizar\u00e1 la segunda charla del ciclo llevado adelante por el <strong>Instituto Rep\u00fablica, <\/strong>en <strong>Vicente L\u00f3pez 3246.<\/strong><\/p>\n<p>&nbsp;<\/p>\n<p>En esta oportunidad la charla ser\u00e1 sobre \u201c<strong>Turismo y oportunidades para el desarrollo<\/strong>\u201d. La propuesta estar\u00e1 <strong>a cargo del secretario de Desarrollo Econ\u00f3mico del Municipio, Julio Valetutto,<\/strong> junto a integrantes de la Direcci\u00f3n de Turismo Municipal.<\/p>\n<p>&nbsp;<\/p>\n<p>&#8220;La charla abierta coincide con las exitosas actividades llevadas adelante por el <strong>D\u00eda Internacional del Turismo<\/strong> y con el constante trabajo conjunto de las \u00e1reas de Turismo y Desarrollo Econ\u00f3mico con actores locales para <strong>desarrollar el turismo minero, cultural, recreativo y deportivo en el partido de Olavarr\u00eda<\/strong>&#8221; se indic\u00f3.<\/p>\n<p>&nbsp;<\/p>\n<p><img data-recalc-dims=\"1\" loading=\"lazy\" decoding=\"async\" class=\"aligncenter wp-image-66071 size-large\" src=\"https:\/\/i0.wp.com\/cdnoticias.com\/wp-content\/uploads\/2022\/09\/turismorep.jpg?resize=800%2C800&#038;ssl=1\" alt=\"\" width=\"800\" height=\"800\" srcset=\"https:\/\/i0.wp.com\/cdnoticias.com\/wp-content\/uploads\/2022\/09\/turismorep.jpg?resize=1024%2C1024&amp;ssl=1 1024w, https:\/\/i0.wp.com\/cdnoticias.com\/wp-content\/uploads\/2022\/09\/turismorep.jpg?resize=300%2C300&amp;ssl=1 300w, https:\/\/i0.wp.com\/cdnoticias.com\/wp-content\/uploads\/2022\/09\/turismorep.jpg?resize=150%2C150&amp;ssl=1 150w, https:\/\/i0.wp.com\/cdnoticias.com\/wp-content\/uploads\/2022\/09\/turismorep.jpg?resize=768%2C768&amp;ssl=1 768w, https:\/\/i0.wp.com\/cdnoticias.com\/wp-content\/uploads\/2022\/09\/turismorep.jpg?w=1080&amp;ssl=1 1080w\" sizes=\"auto, (max-width: 800px) 100vw, 800px\" \/><\/p>\n<p>&nbsp;<\/p>\n<p>Al respecto,<strong> Julio Valetutto<\/strong> explic\u00f3 que \u201cvamos a tener la oportunidad de abordar una tem\u00e1tica tan importante para la gesti\u00f3n del intendente Ezequiel Galli como es el turismo\u201d.<\/p>\n<p>&nbsp;<\/p>\n<p><em><strong>\u201cEstamos viviendo un proceso de transformaci\u00f3n en cuanto al turismo en Olavarr\u00eda con nuevas inversiones en las localidades que van a potenciar el desarrollo del sector en el Partido\u201d<\/strong><\/em> agreg\u00f3 Valetutto.<\/p>\n<p>&nbsp;<\/p>\n<p>Quienes deseen participar deber\u00e1n inscribirse a trav\u00e9s del siguiente formulario: <a href=\"https:\/\/forms.gle\/Z3q948qtLUJ9FAR28\" target=\"_blank\" rel=\"noopener\">https:\/\/forms.gle\/Z3q948qtLUJ9FAR28<\/a><\/p>\n","protected":false},"excerpt":{"rendered":"<p>Ser\u00e1 el pr\u00f3ximo jueves 6 de octubre a las 19 horas en Vicente L\u00f3pez 3246.<\/p>\n","protected":false},"author":6,"featured_media":65346,"comment_status":"closed","ping_status":"closed","sticky":false,"template":"","format":"standard","meta":{"_jetpack_memberships_contains_paid_content":false,"footnotes":""},"categories":[5,1],"tags":[],"class_list":["post-66070","post","type-post","status-publish","format-standard","has-post-thumbnail","hentry","category-informacion-general","category-portada"],"jetpack_featured_media_url":"https:\/\/i0.wp.com\/cdnoticias.com\/wp-content\/uploads\/2022\/09\/instituto-republica-00.jpg?fit=800%2C445&ssl=1","jetpack_sharing_enabled":true,"_links":{"self":[{"href":"https:\/\/cdnoticias.com\/index.php\/wp-json\/wp\/v2\/posts\/66070","targetHints":{"allow":["GET"]}}],"collection":[{"href":"https:\/\/cdnoticias.com\/index.php\/wp-json\/wp\/v2\/posts"}],"about":[{"href":"https:\/\/cdnoticias.com\/index.php\/wp-json\/wp\/v2\/types\/post"}],"author":[{"embeddable":true,"href":"https:\/\/cdnoticias.com\/index.php\/wp-json\/wp\/v2\/users\/6"}],"replies":[{"embeddable":true,"href":"https:\/\/cdnoticias.com\/index.php\/wp-json\/wp\/v2\/comments?post=66070"}],"version-history":[{"count":0,"href":"https:\/\/cdnoticias.com\/index.php\/wp-json\/wp\/v2\/posts\/66070\/revisions"}],"wp:featuredmedia":[{"embeddable":true,"href":"https:\/\/cdnoticias.com\/index.php\/wp-json\/wp\/v2\/media\/65346"}],"wp:attachment":[{"href":"https:\/\/cdnoticias.com\/index.php\/wp-json\/wp\/v2\/media?parent=66070"}],"wp:term":[{"taxonomy":"category","embeddable":true,"href":"https:\/\/cdnoticias.com\/index.php\/wp-json\/wp\/v2\/categories?post=66070"},{"taxonomy":"post_tag","embeddable":true,"href":"https:\/\/cdnoticias.com\/index.php\/wp-json\/wp\/v2\/tags?post=66070"}],"curies":[{"name":"wp","href":"https:\/\/api.w.org\/{rel}","templated":true}]}}