{"id":66066,"date":"2022-09-30T16:46:00","date_gmt":"2022-09-30T19:46:00","guid":{"rendered":"https:\/\/www.centraldenoticias.com.ar\/?p=66066"},"modified":"2022-09-30T18:37:05","modified_gmt":"2022-09-30T21:37:05","slug":"en-dos-allanamientos-encontraron-elementos-de-varios-robos","status":"publish","type":"post","link":"https:\/\/cdnoticias.com\/index.php\/2022\/09\/30\/en-dos-allanamientos-encontraron-elementos-de-varios-robos\/","title":{"rendered":"En dos allanamientos encontraron elementos de varios robos"},"content":{"rendered":"<p>Se encontraron tel\u00e9fonos celulares, cajas con envases de detergentes e incluso una bater\u00eda de cami\u00f3n. <!--more--><\/p>\n<hr \/>\n<p>En la jornada de este viernes,<strong> personal del Gabinete de Comisar\u00eda Segunda junto a otras dependencias realizaron dos allanamientos por varios robos en los \u00faltimos d\u00edas.<\/strong><\/p>\n<p>&nbsp;<\/p>\n<p>Seg\u00fan se explic\u00f3 oficialmente, los procedimientos se realizaron en <strong>Lisandro de la Torre al 4700 y Lisandro de la Torre y Elena de Fortabat,<\/strong> en \u00f3rdenes otorgadas por el Juzgado de Garant\u00edas N\u00b01 a pedido de la fiscal de la causa, la doctora Mirta Deroni.<\/p>\n<p>&nbsp;<\/p>\n<p><img data-recalc-dims=\"1\" loading=\"lazy\" decoding=\"async\" class=\"alignnone size-large wp-image-66067\" src=\"https:\/\/i0.wp.com\/cdnoticias.com\/wp-content\/uploads\/2022\/09\/WhatsApp-Image-2022-09-30-at-15.40.14.jpeg?resize=800%2C600&#038;ssl=1\" alt=\"\" width=\"800\" height=\"600\" srcset=\"https:\/\/i0.wp.com\/cdnoticias.com\/wp-content\/uploads\/2022\/09\/WhatsApp-Image-2022-09-30-at-15.40.14.jpeg?resize=1024%2C768&amp;ssl=1 1024w, https:\/\/i0.wp.com\/cdnoticias.com\/wp-content\/uploads\/2022\/09\/WhatsApp-Image-2022-09-30-at-15.40.14.jpeg?resize=300%2C225&amp;ssl=1 300w, https:\/\/i0.wp.com\/cdnoticias.com\/wp-content\/uploads\/2022\/09\/WhatsApp-Image-2022-09-30-at-15.40.14.jpeg?resize=768%2C576&amp;ssl=1 768w, https:\/\/i0.wp.com\/cdnoticias.com\/wp-content\/uploads\/2022\/09\/WhatsApp-Image-2022-09-30-at-15.40.14.jpeg?resize=1536%2C1152&amp;ssl=1 1536w, https:\/\/i0.wp.com\/cdnoticias.com\/wp-content\/uploads\/2022\/09\/WhatsApp-Image-2022-09-30-at-15.40.14.jpeg?w=1600&amp;ssl=1 1600w\" sizes=\"auto, (max-width: 800px) 100vw, 800px\" \/><\/p>\n<p>&nbsp;<\/p>\n<p>All\u00ed, <strong>se logr\u00f3 el secuestro de dos tel\u00e9fonos celulares, una caja con 16 envases de detergente y otros elementos de inter\u00e9s para la causa. Adem\u00e1s, se encontr\u00f3 una bater\u00eda de cami\u00f3n sin marca visible<\/strong>, por lo que se inici\u00f3 una causa por Posible comisi\u00f3n de delito de acci\u00f3n p\u00fablica con intervenci\u00f3n de la UFI N\u00b04.<\/p>\n<p>&nbsp;<\/p>\n<p>Tambi\u00e9n se encontraron cogollos de marihuana, por lo que se iniciaron actuaciones por infraccionar la Ley 23.737 con intervenci\u00f3n de la UFI N\u00b019 a cargo de Lucas Moyano.<\/p>\n<p>&nbsp;<\/p>\n<p><strong>Todo lo secuestrado fue trasladado a la Comisar\u00eda Segunda para ser peritado<\/strong> y determinar la relaci\u00f3n con las causas caratuladas como <em><strong>\u201cHurto\u201d<\/strong><\/em> y que tiene intervenci\u00f3n la Ayudant\u00eda Fiscal de Autores Ignorados.<\/p>\n<p>&nbsp;<\/p>\n<p>Finalmente, colaboraron el hecho Personal de Comisar\u00edas Primeras y de la Mujer, Subcomisar\u00eda Loma Negra, Polic\u00eda Local, Grupo GAD y SubDDI.<\/p>\n","protected":false},"excerpt":{"rendered":"<p>Se encontraron tel\u00e9fonos celulares, cajas con envases de detergentes e incluso una bater\u00eda de cami\u00f3n.<\/p>\n","protected":false},"author":2,"featured_media":66068,"comment_status":"closed","ping_status":"closed","sticky":false,"template":"","format":"standard","meta":{"_jetpack_memberships_contains_paid_content":false,"footnotes":""},"categories":[14,1],"tags":[],"class_list":["post-66066","post","type-post","status-publish","format-standard","has-post-thumbnail","hentry","category-policiales","category-portada"],"jetpack_featured_media_url":"https:\/\/i0.wp.com\/cdnoticias.com\/wp-content\/uploads\/2022\/09\/WhatsApp-Image-2022-09-30-at-15.40.17.jpeg?fit=1600%2C1200&ssl=1","jetpack_sharing_enabled":true,"_links":{"self":[{"href":"https:\/\/cdnoticias.com\/index.php\/wp-json\/wp\/v2\/posts\/66066","targetHints":{"allow":["GET"]}}],"collection":[{"href":"https:\/\/cdnoticias.com\/index.php\/wp-json\/wp\/v2\/posts"}],"about":[{"href":"https:\/\/cdnoticias.com\/index.php\/wp-json\/wp\/v2\/types\/post"}],"author":[{"embeddable":true,"href":"https:\/\/cdnoticias.com\/index.php\/wp-json\/wp\/v2\/users\/2"}],"replies":[{"embeddable":true,"href":"https:\/\/cdnoticias.com\/index.php\/wp-json\/wp\/v2\/comments?post=66066"}],"version-history":[{"count":0,"href":"https:\/\/cdnoticias.com\/index.php\/wp-json\/wp\/v2\/posts\/66066\/revisions"}],"wp:featuredmedia":[{"embeddable":true,"href":"https:\/\/cdnoticias.com\/index.php\/wp-json\/wp\/v2\/media\/66068"}],"wp:attachment":[{"href":"https:\/\/cdnoticias.com\/index.php\/wp-json\/wp\/v2\/media?parent=66066"}],"wp:term":[{"taxonomy":"category","embeddable":true,"href":"https:\/\/cdnoticias.com\/index.php\/wp-json\/wp\/v2\/categories?post=66066"},{"taxonomy":"post_tag","embeddable":true,"href":"https:\/\/cdnoticias.com\/index.php\/wp-json\/wp\/v2\/tags?post=66066"}],"curies":[{"name":"wp","href":"https:\/\/api.w.org\/{rel}","templated":true}]}}