{"id":66041,"date":"2022-09-30T14:07:55","date_gmt":"2022-09-30T17:07:55","guid":{"rendered":"https:\/\/www.centraldenoticias.com.ar\/?p=66041"},"modified":"2022-09-30T16:46:19","modified_gmt":"2022-09-30T19:46:19","slug":"docentes-se-oponen-al-cierre-de-una-tecnicatura-que-se-dicta-en-la-unidad-2","status":"publish","type":"post","link":"https:\/\/cdnoticias.com\/index.php\/2022\/09\/30\/docentes-se-oponen-al-cierre-de-una-tecnicatura-que-se-dicta-en-la-unidad-2\/","title":{"rendered":"Docentes se oponen al cierre de una tecnicatura que se dicta en la Unidad 2"},"content":{"rendered":"<p>Se trata de la carrera de trabajo social. El ISFT 130 no la incluy\u00f3 para el ciclo 2023 de Contextos de Encierro.<!--more--><\/p>\n<hr \/>\n<p><strong>\u201cNo al cierre de la carrera de trabajo social en la Unidad Penitenciaria N\u00b02 de Sierra Chica\u201d<\/strong> es el t\u00edtulo de un comunicado que difundieron las y los docentes de la Tecnicatura Superior en Trabajo Social.<\/p>\n<p>&nbsp;<\/p>\n<p>Expusieron que<strong> la suspensi\u00f3n fue dispuesta por \u201cel ISFT N\u00b0130 de no incluir a la carrera de Trabajo Social en la oferta educativa 2023 para Contextos de Encierro\u201d.<\/strong><\/p>\n<p>&nbsp;<\/p>\n<blockquote><p>\u201cConsideramos que la decisi\u00f3n de cerrar una carrera de formaci\u00f3n superior debe sostenerse en un estudio real y espec\u00edfico del impacto de la propuesta educativa en su territorio de implementaci\u00f3n. El argumento esgrimido por las autoridades educativas de que las pr\u00e1cticas profesionales de la carrera de Trabajo Social en contextos de privaci\u00f3n de libertad no atienden a las resoluciones provinciales vigentes es una idea imprecisa y descontextualizada, no representa las condiciones reales de formaci\u00f3n de los y las estudiantes de la carrera, al tiempo que no se fundamenta en datos e indicadores que evidencien tal obst\u00e1culo en sus competencias pre profesionales\u201d agregaron.<\/p><\/blockquote>\n<p>&nbsp;<\/p>\n<p><img data-recalc-dims=\"1\" loading=\"lazy\" decoding=\"async\" class=\"size-full wp-image-66043 aligncenter\" src=\"https:\/\/i0.wp.com\/cdnoticias.com\/wp-content\/uploads\/2022\/09\/reclamo-unidad-2.jpg?resize=800%2C564&#038;ssl=1\" alt=\"\" width=\"800\" height=\"564\" srcset=\"https:\/\/i0.wp.com\/cdnoticias.com\/wp-content\/uploads\/2022\/09\/reclamo-unidad-2.jpg?w=800&amp;ssl=1 800w, https:\/\/i0.wp.com\/cdnoticias.com\/wp-content\/uploads\/2022\/09\/reclamo-unidad-2.jpg?resize=300%2C212&amp;ssl=1 300w, https:\/\/i0.wp.com\/cdnoticias.com\/wp-content\/uploads\/2022\/09\/reclamo-unidad-2.jpg?resize=768%2C541&amp;ssl=1 768w\" sizes=\"auto, (max-width: 800px) 100vw, 800px\" \/><\/p>\n<p>&nbsp;<\/p>\n<p>Asimismo, sostuvieron que \u201cla formaci\u00f3n superior en estos contextos no solo persigue resultados mensurables en cantidad de estudiantes inscriptos, materias aprobadas o cantidad de egresados (objetivos ampliamente alcanzados por la carrera de Trabajo Social en Contextos de Encierro), sino tambi\u00e9n <strong>debe insistir en interrogarse y materializar propuestas tendientes a construir oportunidades y formar ciudadan\u00eda<\/strong> en quienes transitan los espacios educativos en contextos de privaci\u00f3n de libertad en forma ambulatoria\u201d.<\/p>\n<p>&nbsp;<\/p>\n<p>Finalmente, apuntaron a se\u00f1alar respecto de su rol que<strong> \u201ccomo docentes hemos materializado una propuesta curricular comprometida con el contexto<\/strong>, ajustada a sus posibilidades y obst\u00e1culos, y que resguarda tanto los principios te\u00f3ricos epistemol\u00f3gicos del campo de conocimiento del Trabajo Social como sus fundamentos pr\u00e1cticos y profesionales de la intervenci\u00f3n social\u201d.<\/p>\n<p>&nbsp;<\/p>\n<p><strong>Central de Noticias<\/strong> consult\u00f3 con uno de los docentes que impulsa el reclamo, quien explic\u00f3 que <strong>\u201chay varios destinatarios\u201d del pedido<\/strong> de que se sostenga el dictado de la carrera. Entre ellos, mencion\u00f3 al propio<strong> ISFT 130 y a la Inspecci\u00f3n de Educaci\u00f3n T\u00e9cnica Superior<\/strong>, adem\u00e1s de se\u00f1alar que han solicitado la <strong>intervenci\u00f3n de la Jefatura Distrital y la Direcci\u00f3n de Educaci\u00f3n Superior de la Provincia<\/strong>, entre otros organismos educativos.<\/p>\n<p>&nbsp;<\/p>\n<p>&nbsp;<\/p>\n","protected":false},"excerpt":{"rendered":"<p>Se trata de la carrera de trabajo social. El ISFT 130 no la incluy\u00f3 para el ciclo 2023 de Contextos<\/p>\n","protected":false},"author":4,"featured_media":66042,"comment_status":"closed","ping_status":"closed","sticky":false,"template":"","format":"standard","meta":{"_jetpack_memberships_contains_paid_content":false,"footnotes":""},"categories":[5,1],"tags":[],"class_list":["post-66041","post","type-post","status-publish","format-standard","has-post-thumbnail","hentry","category-informacion-general","category-portada"],"jetpack_featured_media_url":"https:\/\/i0.wp.com\/cdnoticias.com\/wp-content\/uploads\/2022\/09\/reclamo-unidad-2a.jpg?fit=800%2C445&ssl=1","jetpack_sharing_enabled":true,"_links":{"self":[{"href":"https:\/\/cdnoticias.com\/index.php\/wp-json\/wp\/v2\/posts\/66041","targetHints":{"allow":["GET"]}}],"collection":[{"href":"https:\/\/cdnoticias.com\/index.php\/wp-json\/wp\/v2\/posts"}],"about":[{"href":"https:\/\/cdnoticias.com\/index.php\/wp-json\/wp\/v2\/types\/post"}],"author":[{"embeddable":true,"href":"https:\/\/cdnoticias.com\/index.php\/wp-json\/wp\/v2\/users\/4"}],"replies":[{"embeddable":true,"href":"https:\/\/cdnoticias.com\/index.php\/wp-json\/wp\/v2\/comments?post=66041"}],"version-history":[{"count":0,"href":"https:\/\/cdnoticias.com\/index.php\/wp-json\/wp\/v2\/posts\/66041\/revisions"}],"wp:featuredmedia":[{"embeddable":true,"href":"https:\/\/cdnoticias.com\/index.php\/wp-json\/wp\/v2\/media\/66042"}],"wp:attachment":[{"href":"https:\/\/cdnoticias.com\/index.php\/wp-json\/wp\/v2\/media?parent=66041"}],"wp:term":[{"taxonomy":"category","embeddable":true,"href":"https:\/\/cdnoticias.com\/index.php\/wp-json\/wp\/v2\/categories?post=66041"},{"taxonomy":"post_tag","embeddable":true,"href":"https:\/\/cdnoticias.com\/index.php\/wp-json\/wp\/v2\/tags?post=66041"}],"curies":[{"name":"wp","href":"https:\/\/api.w.org\/{rel}","templated":true}]}}