{"id":66018,"date":"2022-09-29T19:50:28","date_gmt":"2022-09-29T22:50:28","guid":{"rendered":"https:\/\/www.centraldenoticias.com.ar\/?p=66018"},"modified":"2022-09-30T08:04:44","modified_gmt":"2022-09-30T11:04:44","slug":"se-levanto-el-acampe-del-fol-en-la-plaza-central","status":"publish","type":"post","link":"https:\/\/cdnoticias.com\/index.php\/2022\/09\/29\/se-levanto-el-acampe-del-fol-en-la-plaza-central\/","title":{"rendered":"Se levant\u00f3 el acampe del FOL en la plaza central"},"content":{"rendered":"<p>Fue tras una asamblea que defini\u00f3 reunirse en algunos d\u00edas para \u201cdefinir los pasos a seguir\u201d. Presentaron dos notas y coordinaron dos reuniones con Diego Robbiani y Florencia Caro.<!--more--><\/p>\n<hr \/>\n<p>Luego de una asamblea realizada en la tarde de este jueves, <strong>el Frente de Organizaciones en Lucha decidi\u00f3 levantar el acampe realizado en la Plaza Central en reclamo por <em>&#8220;aumento de los planes, comida para comedores y trabajo genuino&#8221;.<\/em><\/strong><\/p>\n<p>&nbsp;<\/p>\n<p>En este sentido, en la<strong> Asamblea se decidi\u00f3 acompa\u00f1ar diversos reclamos en las pr\u00f3ximas horas, como la movilizaci\u00f3n que realizar\u00e1 Animate junto a v\u00edctimas de abusos sexuales que tienen causas \u201cparalizadas\u201d.<\/strong><\/p>\n<p>&nbsp;<\/p>\n<p><img data-recalc-dims=\"1\" loading=\"lazy\" decoding=\"async\" class=\"alignnone size-large wp-image-66013\" src=\"https:\/\/i0.wp.com\/cdnoticias.com\/wp-content\/uploads\/2022\/09\/WhatsApp-Image-2022-09-29-at-18.43.46.jpeg?resize=800%2C598&#038;ssl=1\" alt=\"\" width=\"800\" height=\"598\" srcset=\"https:\/\/i0.wp.com\/cdnoticias.com\/wp-content\/uploads\/2022\/09\/WhatsApp-Image-2022-09-29-at-18.43.46.jpeg?resize=1024%2C766&amp;ssl=1 1024w, https:\/\/i0.wp.com\/cdnoticias.com\/wp-content\/uploads\/2022\/09\/WhatsApp-Image-2022-09-29-at-18.43.46.jpeg?resize=300%2C224&amp;ssl=1 300w, https:\/\/i0.wp.com\/cdnoticias.com\/wp-content\/uploads\/2022\/09\/WhatsApp-Image-2022-09-29-at-18.43.46.jpeg?resize=768%2C575&amp;ssl=1 768w, https:\/\/i0.wp.com\/cdnoticias.com\/wp-content\/uploads\/2022\/09\/WhatsApp-Image-2022-09-29-at-18.43.46.jpeg?w=1160&amp;ssl=1 1160w\" sizes=\"auto, (max-width: 800px) 100vw, 800px\" \/><\/p>\n<p>&nbsp;<\/p>\n<p>Justamente, integrantes del espacio se\u00f1alaron a<strong> Central de Noticias<\/strong> que esta ma\u00f1ana<strong> intentaron entregar dos petitorios a autoridades municipales y fueron rechazados, aunque se organizaron reuniones para los pr\u00f3ximos d\u00edas.<\/strong><\/p>\n<p>&nbsp;<\/p>\n<p>En primera instancia, <strong>dialogaron con funcionarias de la Direcci\u00f3n de Pol\u00edticas de G\u00e9nero, donde se intent\u00f3 entregar una dura nota denunciando \u201cfalta de respuestas concretas\u201d de mujeres en situaci\u00f3n de violencia, \u201cmadres con hijes, poniendo en riesgo su integridad f\u00edsica y sus vidas\u201d.<\/strong> <a href=\"https:\/\/cdnoticias.com\/index.php\/2022\/08\/25\/frente-al-municipio-pidieron-alimentos-viviendas-y-contencion-en-casos-de-violencia-de-genero\/\" target=\"_blank\" rel=\"noopener\">Incluso, hace un mes tambi\u00e9n hubo una manifestaci\u00f3n exponiendo este tipo de situaciones.<\/a><\/p>\n<p>&nbsp;<\/p>\n<p><img data-recalc-dims=\"1\" loading=\"lazy\" decoding=\"async\" class=\"alignnone size-large wp-image-66010\" src=\"https:\/\/i0.wp.com\/cdnoticias.com\/wp-content\/uploads\/2022\/09\/WhatsApp-Image-2022-09-29-at-18.43.36.jpeg?resize=800%2C598&#038;ssl=1\" alt=\"\" width=\"800\" height=\"598\" srcset=\"https:\/\/i0.wp.com\/cdnoticias.com\/wp-content\/uploads\/2022\/09\/WhatsApp-Image-2022-09-29-at-18.43.36.jpeg?resize=1024%2C766&amp;ssl=1 1024w, https:\/\/i0.wp.com\/cdnoticias.com\/wp-content\/uploads\/2022\/09\/WhatsApp-Image-2022-09-29-at-18.43.36.jpeg?resize=300%2C224&amp;ssl=1 300w, https:\/\/i0.wp.com\/cdnoticias.com\/wp-content\/uploads\/2022\/09\/WhatsApp-Image-2022-09-29-at-18.43.36.jpeg?resize=768%2C575&amp;ssl=1 768w, https:\/\/i0.wp.com\/cdnoticias.com\/wp-content\/uploads\/2022\/09\/WhatsApp-Image-2022-09-29-at-18.43.36.jpeg?w=1160&amp;ssl=1 1160w\" sizes=\"auto, (max-width: 800px) 100vw, 800px\" \/><\/p>\n<p>&nbsp;<\/p>\n<blockquote><p>Si bien denunciaron que \u201cse rechaz\u00f3 la recepci\u00f3n de la nota\u201d, mujeres del FOL se reunir\u00e1n con la Directora del \u00e1rea Florencia Caro el pr\u00f3ximo martes para acercar posturas y abrir el di\u00e1logo ante esta situaci\u00f3n.<\/p><\/blockquote>\n<p>&nbsp;<\/p>\n<p><strong>La otra nota se intent\u00f3 entregar al Secretario de Desarrollo Humano y Calidad de Vida, Diego Robbiani<\/strong>, en la que se pide actualizar varios fondos tales como la de la Tarjeta del Programa Alimentar, entre otras medidas vinculadas a mejoras sociales para los vecinos de los barrios m\u00e1s postergados.<\/p>\n<p>&nbsp;<\/p>\n<p>En este sentido,<strong> en la Asamblea se inform\u00f3 que Robbiani recibir\u00e1 a tres de los integrantes de la agrupaci\u00f3n pol\u00edtica el pr\u00f3ximo 11 de octubre en horas de la ma\u00f1ana<\/strong> para, al igual que con Caro, acercar posturas y trazar un trabajo en conjunto de cara a lo que viene.<\/p>\n<p>&nbsp;<\/p>\n<p><img data-recalc-dims=\"1\" loading=\"lazy\" decoding=\"async\" class=\"alignnone size-large wp-image-66015\" src=\"https:\/\/i0.wp.com\/cdnoticias.com\/wp-content\/uploads\/2022\/09\/WhatsApp-Image-2022-09-29-at-18.58.30-1.jpeg?resize=800%2C598&#038;ssl=1\" alt=\"\" width=\"800\" height=\"598\" srcset=\"https:\/\/i0.wp.com\/cdnoticias.com\/wp-content\/uploads\/2022\/09\/WhatsApp-Image-2022-09-29-at-18.58.30-1.jpeg?resize=1024%2C766&amp;ssl=1 1024w, https:\/\/i0.wp.com\/cdnoticias.com\/wp-content\/uploads\/2022\/09\/WhatsApp-Image-2022-09-29-at-18.58.30-1.jpeg?resize=300%2C224&amp;ssl=1 300w, https:\/\/i0.wp.com\/cdnoticias.com\/wp-content\/uploads\/2022\/09\/WhatsApp-Image-2022-09-29-at-18.58.30-1.jpeg?resize=768%2C575&amp;ssl=1 768w, https:\/\/i0.wp.com\/cdnoticias.com\/wp-content\/uploads\/2022\/09\/WhatsApp-Image-2022-09-29-at-18.58.30-1.jpeg?resize=1536%2C1149&amp;ssl=1 1536w, https:\/\/i0.wp.com\/cdnoticias.com\/wp-content\/uploads\/2022\/09\/WhatsApp-Image-2022-09-29-at-18.58.30-1.jpeg?w=1600&amp;ssl=1 1600w\" sizes=\"auto, (max-width: 800px) 100vw, 800px\" \/><\/p>\n<p>&nbsp;<\/p>\n<p>Finalmente, <strong>se vot\u00f3 levantar el acampe y luego comenzaron las tareas de retirada del lugar<\/strong>, con respuestas concretas en lo local y esperanzados de obtener respuestas favorables a los reclamos que llevan adelante desde hace varios meses.<\/p>\n","protected":false},"excerpt":{"rendered":"<p>Fue tras una asamblea que defini\u00f3 reunirse en algunos d\u00edas para \u201cdefinir los pasos a seguir\u201d. Presentaron dos notas y<\/p>\n","protected":false},"author":2,"featured_media":66016,"comment_status":"closed","ping_status":"closed","sticky":false,"template":"","format":"standard","meta":{"_jetpack_memberships_contains_paid_content":false,"footnotes":""},"categories":[5,1],"tags":[],"class_list":["post-66018","post","type-post","status-publish","format-standard","has-post-thumbnail","hentry","category-informacion-general","category-portada"],"jetpack_featured_media_url":"https:\/\/i0.wp.com\/cdnoticias.com\/wp-content\/uploads\/2022\/09\/WhatsApp-Image-2022-09-29-at-18.58.30.jpeg?fit=1600%2C1197&ssl=1","jetpack_sharing_enabled":true,"_links":{"self":[{"href":"https:\/\/cdnoticias.com\/index.php\/wp-json\/wp\/v2\/posts\/66018","targetHints":{"allow":["GET"]}}],"collection":[{"href":"https:\/\/cdnoticias.com\/index.php\/wp-json\/wp\/v2\/posts"}],"about":[{"href":"https:\/\/cdnoticias.com\/index.php\/wp-json\/wp\/v2\/types\/post"}],"author":[{"embeddable":true,"href":"https:\/\/cdnoticias.com\/index.php\/wp-json\/wp\/v2\/users\/2"}],"replies":[{"embeddable":true,"href":"https:\/\/cdnoticias.com\/index.php\/wp-json\/wp\/v2\/comments?post=66018"}],"version-history":[{"count":0,"href":"https:\/\/cdnoticias.com\/index.php\/wp-json\/wp\/v2\/posts\/66018\/revisions"}],"wp:featuredmedia":[{"embeddable":true,"href":"https:\/\/cdnoticias.com\/index.php\/wp-json\/wp\/v2\/media\/66016"}],"wp:attachment":[{"href":"https:\/\/cdnoticias.com\/index.php\/wp-json\/wp\/v2\/media?parent=66018"}],"wp:term":[{"taxonomy":"category","embeddable":true,"href":"https:\/\/cdnoticias.com\/index.php\/wp-json\/wp\/v2\/categories?post=66018"},{"taxonomy":"post_tag","embeddable":true,"href":"https:\/\/cdnoticias.com\/index.php\/wp-json\/wp\/v2\/tags?post=66018"}],"curies":[{"name":"wp","href":"https:\/\/api.w.org\/{rel}","templated":true}]}}