{"id":65979,"date":"2022-09-29T11:42:43","date_gmt":"2022-09-29T14:42:43","guid":{"rendered":"https:\/\/www.centraldenoticias.com.ar\/?p=65979"},"modified":"2022-09-29T11:42:43","modified_gmt":"2022-09-29T14:42:43","slug":"massa-el-presupuesto-esta-planteado-con-metas-realistas-y-prudentes","status":"publish","type":"post","link":"https:\/\/cdnoticias.com\/index.php\/2022\/09\/29\/massa-el-presupuesto-esta-planteado-con-metas-realistas-y-prudentes\/","title":{"rendered":"Massa: \u201cEl presupuesto est\u00e1 planteado con metas realistas y prudentes\u201d"},"content":{"rendered":"<p>As\u00ed lo se\u00f1al\u00f3 el Ministro de Econom\u00eda, Sergio Massa, en la presentaci\u00f3n del Presupuesto 2023 ante la comisi\u00f3n de Presupuesto y Hacienda de Diputados.<!--more--><\/p>\n<hr \/>\n<p>El ministro de Econom\u00eda de la Naci\u00f3n, Sergio Massa, encabez\u00f3 ante los integrantes de la comisi\u00f3n de Presupuesto y Hacienda de Diputados y de los presidentes de los diferentes bloques pol\u00edticos, la presentaci\u00f3n del Presupuesto General de la Administraci\u00f3n Nacional para el ejercicio Fiscal correspondiente al periodo 2023.<\/p>\n<p>&nbsp;<\/p>\n<p>Durante la exposici\u00f3n, que se desarroll\u00f3 en el sal\u00f3n Pasos Perdidos, el ministro estuvo acompa\u00f1ado por la presidenta de la C\u00e1mara de Diputados de la Naci\u00f3n, Cecilia Moreau, y el presidente de la comisi\u00f3n de Presupuesto y Hacienda, Carlos Heller.<\/p>\n<p>&nbsp;<\/p>\n<p>Al inicio, la presidenta de la C\u00e1mara de Diputados, Cecilia Moreau, se\u00f1al\u00f3 que se est\u00e1 &#8220;dando tratamiento al proyecto de ley m\u00e1s importante del Estado Nacional como es el Presupuesto&#8221; y destac\u00f3 que &#8220;se ha acordado con las diferentes bancadas parlamentarias&#8221; el ordenamiento del debate.<\/p>\n<p>&nbsp;<\/p>\n<p>Massa defini\u00f3 al Presupuesto como \u201cprudente y realista, planteado con responsabilidad\u201d. Y destac\u00f3 &#8220;la importancia de la b\u00fasqueda de consensos para su aprobaci\u00f3n&#8221;.<\/p>\n<p>&nbsp;<\/p>\n<div class=\"jetpack-video-wrapper\"><iframe loading=\"lazy\" title=\"Massa: \u201cEl presupuesto est\u00e1 planteado con metas realistas y prudentes\u201d\" width=\"800\" height=\"450\" src=\"https:\/\/www.youtube.com\/embed\/kfGDPGcmVNw?feature=oembed\" frameborder=\"0\" allow=\"accelerometer; autoplay; clipboard-write; encrypted-media; gyroscope; picture-in-picture\" allowfullscreen><\/iframe><\/div>\n<p>&nbsp;<\/p>\n<p>\u201cEl Congreso es el lugar del debate, pero tambi\u00e9n es el lugar de b\u00fasqueda de acuerdos pol\u00edticos\u201d, afirm\u00f3 Massa ante los legisladores. Y destac\u00f3 que \u201csi podemos hacer alguna contribuci\u00f3n entre todos para mejorar la calidad y la convivencia democr\u00e1tica, y el trabajo de cara a la sociedad argentina, es buscar mecanismos de acuerdos m\u00e1s all\u00e1 de nuestros debates o diferencias, y de las distintas visiones de pa\u00eds que se ven reflejadas en el Congreso\u201d.<\/p>\n<p>&nbsp;<\/p>\n<p>En ese sentido, Massa, consider\u00f3 que \u201ccualquiera sea el presupuesto, es muy importante que el Congreso fije una hoja de ruta\u201d. \u201cEstamos ac\u00e1 para debatir, escuchar e incorporar, porque pretendemos que el 2023 transcurra con un mecanismo ordenado de funcionamiento del Estado, y con metas que fije el Parlamento, pero que nos den previsibilidad\u201d, explic\u00f3 el titular de Econom\u00eda.<\/p>\n<p>&nbsp;<\/p>\n<p>A continuaci\u00f3n, tras la exposici\u00f3n de Massa, algunos de los integrantes de su equipo econ\u00f3mico, brindaron detalles de la propuesta ante los legisladores.<\/p>\n<p>&nbsp;<\/p>\n<p>En ese sentido, se expresaron el viceministro de econom\u00eda, Gabriel Rubinstein, el secretario de Hacienda, Ra\u00fal Rigo y el secretario de Finanzas, Eduardo Setti. Y en los pr\u00f3ximos d\u00edas lo har\u00e1n el secretario de Producci\u00f3n, Jos\u00e9 Ignacio de Mendiguren; de Agricultura, Juan Jos\u00e9 Bahillo; y la secretaria de Energ\u00eda, Flavia Roy\u00f3n.<\/p>\n<p>&nbsp;<\/p>\n<p>Acompa\u00f1aron la exposici\u00f3n del ministro Massa, la portavoz presidencial, Gabriela Cerruti, el secretario General de la C\u00e1mara de Diputados, Juan Manuel Cheppi, y senadores integrantes de la comisi\u00f3n de Presupuesto y Hacienda del Senado de la Naci\u00f3n.<\/p>\n","protected":false},"excerpt":{"rendered":"<p>As\u00ed lo se\u00f1al\u00f3 el Ministro de Econom\u00eda, Sergio Massa, en la presentaci\u00f3n del Presupuesto 2023 ante la comisi\u00f3n de Presupuesto<\/p>\n","protected":false},"author":5,"featured_media":65989,"comment_status":"closed","ping_status":"closed","sticky":false,"template":"","format":"standard","meta":{"_jetpack_memberships_contains_paid_content":false,"footnotes":""},"categories":[6,1],"tags":[],"class_list":["post-65979","post","type-post","status-publish","format-standard","has-post-thumbnail","hentry","category-nacionales","category-portada"],"jetpack_featured_media_url":"https:\/\/i0.wp.com\/cdnoticias.com\/wp-content\/uploads\/2022\/09\/diputados00-2.png?fit=1226%2C614&ssl=1","jetpack_sharing_enabled":true,"_links":{"self":[{"href":"https:\/\/cdnoticias.com\/index.php\/wp-json\/wp\/v2\/posts\/65979","targetHints":{"allow":["GET"]}}],"collection":[{"href":"https:\/\/cdnoticias.com\/index.php\/wp-json\/wp\/v2\/posts"}],"about":[{"href":"https:\/\/cdnoticias.com\/index.php\/wp-json\/wp\/v2\/types\/post"}],"author":[{"embeddable":true,"href":"https:\/\/cdnoticias.com\/index.php\/wp-json\/wp\/v2\/users\/5"}],"replies":[{"embeddable":true,"href":"https:\/\/cdnoticias.com\/index.php\/wp-json\/wp\/v2\/comments?post=65979"}],"version-history":[{"count":0,"href":"https:\/\/cdnoticias.com\/index.php\/wp-json\/wp\/v2\/posts\/65979\/revisions"}],"wp:featuredmedia":[{"embeddable":true,"href":"https:\/\/cdnoticias.com\/index.php\/wp-json\/wp\/v2\/media\/65989"}],"wp:attachment":[{"href":"https:\/\/cdnoticias.com\/index.php\/wp-json\/wp\/v2\/media?parent=65979"}],"wp:term":[{"taxonomy":"category","embeddable":true,"href":"https:\/\/cdnoticias.com\/index.php\/wp-json\/wp\/v2\/categories?post=65979"},{"taxonomy":"post_tag","embeddable":true,"href":"https:\/\/cdnoticias.com\/index.php\/wp-json\/wp\/v2\/tags?post=65979"}],"curies":[{"name":"wp","href":"https:\/\/api.w.org\/{rel}","templated":true}]}}