{"id":65975,"date":"2022-10-03T08:42:08","date_gmt":"2022-10-03T11:42:08","guid":{"rendered":"https:\/\/www.centraldenoticias.com.ar\/?p=65975"},"modified":"2022-10-03T08:42:08","modified_gmt":"2022-10-03T11:42:08","slug":"pami-el-proximo-miercoles-se-realizara-la-fiesta-por-el-dia-del-jubilado-y-la-jubilada","status":"publish","type":"post","link":"https:\/\/cdnoticias.com\/index.php\/2022\/10\/03\/pami-el-proximo-miercoles-se-realizara-la-fiesta-por-el-dia-del-jubilado-y-la-jubilada\/","title":{"rendered":"PAMI: el pr\u00f3ximo mi\u00e9rcoles se realizar\u00e1 la fiesta por el d\u00eda del jubilado y la jubilada"},"content":{"rendered":"<p>La misma tendr\u00e1 lugar en el Club Pueblo Nuevo. Las entradas son gratuitas y se retiran en la agencia de Olavarr\u00eda (Dorrego 2625) y en la de Sierras Bayas (Rivadavia 2204).<!--more--><\/p>\n<hr \/>\n<p>El mi\u00e9rcoles<strong> 5 de octubre<\/strong> PAMI realizar\u00e1 una fiesta por el d\u00eda del jubilado y la jubilada en Pueblo Nuevo, Necochea y Chacabuco, desde las 14 horas.<\/p>\n<p>&nbsp;<\/p>\n<p>Quienes quieran participar del evento deber\u00e1n<strong> retirar las entradas que son gratuitas<\/strong> por agencia de Olavarr\u00eda (Dorrego 2625) y en la de Sierras Bayas (Rivadavia 2204).<\/p>\n<p>&nbsp;<\/p>\n<p><img data-recalc-dims=\"1\" loading=\"lazy\" decoding=\"async\" class=\"aligncenter size-full wp-image-65976\" src=\"https:\/\/i0.wp.com\/cdnoticias.com\/wp-content\/uploads\/2022\/09\/WhatsApp-Image-2022-09-29-at-09.56.54.jpeg?resize=800%2C1009&#038;ssl=1\" alt=\"\" width=\"800\" height=\"1009\" srcset=\"https:\/\/i0.wp.com\/cdnoticias.com\/wp-content\/uploads\/2022\/09\/WhatsApp-Image-2022-09-29-at-09.56.54.jpeg?w=812&amp;ssl=1 812w, https:\/\/i0.wp.com\/cdnoticias.com\/wp-content\/uploads\/2022\/09\/WhatsApp-Image-2022-09-29-at-09.56.54.jpeg?resize=238%2C300&amp;ssl=1 238w, https:\/\/i0.wp.com\/cdnoticias.com\/wp-content\/uploads\/2022\/09\/WhatsApp-Image-2022-09-29-at-09.56.54.jpeg?resize=768%2C969&amp;ssl=1 768w\" sizes=\"auto, (max-width: 800px) 100vw, 800px\" \/><\/p>\n<p><strong>Habr\u00e1 show en vivo de Dulce Morena y Pedro Di Cataldo.<\/strong> El director de PAMI Olavarr\u00eda, Jorge Garaiz y Juan Pablo Arouxet, Coordinador de Pol\u00edticas Sociales de PAMI, explicaron que \u201cpor una cuesti\u00f3n de organizaci\u00f3n y tener un estimado de asistentes les pedimos que retiren las entradas previamente por la agencia\u201d.<\/p>\n","protected":false},"excerpt":{"rendered":"<p>La misma tendr\u00e1 lugar en el Club Pueblo Nuevo. Las entradas son gratuitas y se retiran en la agencia de<\/p>\n","protected":false},"author":5,"featured_media":65538,"comment_status":"closed","ping_status":"closed","sticky":false,"template":"","format":"standard","meta":{"_jetpack_memberships_contains_paid_content":false,"footnotes":""},"categories":[5,1],"tags":[],"class_list":["post-65975","post","type-post","status-publish","format-standard","has-post-thumbnail","hentry","category-informacion-general","category-portada"],"jetpack_featured_media_url":"https:\/\/i0.wp.com\/cdnoticias.com\/wp-content\/uploads\/2022\/09\/WhatsApp-Image-2022-09-23-at-10.17.09.jpeg?fit=960%2C581&ssl=1","jetpack_sharing_enabled":true,"_links":{"self":[{"href":"https:\/\/cdnoticias.com\/index.php\/wp-json\/wp\/v2\/posts\/65975","targetHints":{"allow":["GET"]}}],"collection":[{"href":"https:\/\/cdnoticias.com\/index.php\/wp-json\/wp\/v2\/posts"}],"about":[{"href":"https:\/\/cdnoticias.com\/index.php\/wp-json\/wp\/v2\/types\/post"}],"author":[{"embeddable":true,"href":"https:\/\/cdnoticias.com\/index.php\/wp-json\/wp\/v2\/users\/5"}],"replies":[{"embeddable":true,"href":"https:\/\/cdnoticias.com\/index.php\/wp-json\/wp\/v2\/comments?post=65975"}],"version-history":[{"count":0,"href":"https:\/\/cdnoticias.com\/index.php\/wp-json\/wp\/v2\/posts\/65975\/revisions"}],"wp:featuredmedia":[{"embeddable":true,"href":"https:\/\/cdnoticias.com\/index.php\/wp-json\/wp\/v2\/media\/65538"}],"wp:attachment":[{"href":"https:\/\/cdnoticias.com\/index.php\/wp-json\/wp\/v2\/media?parent=65975"}],"wp:term":[{"taxonomy":"category","embeddable":true,"href":"https:\/\/cdnoticias.com\/index.php\/wp-json\/wp\/v2\/categories?post=65975"},{"taxonomy":"post_tag","embeddable":true,"href":"https:\/\/cdnoticias.com\/index.php\/wp-json\/wp\/v2\/tags?post=65975"}],"curies":[{"name":"wp","href":"https:\/\/api.w.org\/{rel}","templated":true}]}}