{"id":65966,"date":"2022-09-29T09:57:23","date_gmt":"2022-09-29T12:57:23","guid":{"rendered":"https:\/\/www.centraldenoticias.com.ar\/?p=65966"},"modified":"2022-09-29T09:57:23","modified_gmt":"2022-09-29T12:57:23","slug":"cordoba-un-camion-de-una-transportista-de-olavarria-involucrado-en-un-siniestro-fatal","status":"publish","type":"post","link":"https:\/\/cdnoticias.com\/index.php\/2022\/09\/29\/cordoba-un-camion-de-una-transportista-de-olavarria-involucrado-en-un-siniestro-fatal\/","title":{"rendered":"C\u00f3rdoba: un cami\u00f3n de una transportista de Olavarr\u00eda, involucrado en un siniestro fatal"},"content":{"rendered":"<p>El caso se dio en ruta nacional 7, en la localidad de Vicu\u00f1a Mackenna. El cami\u00f3n choc\u00f3 con un Jeep. El conductor del rodado menor muri\u00f3.<!--more--><\/p>\n<hr \/>\n<p><strong>Un siniestro vial fatal se registr\u00f3 en la localidad cordobesa de Vicu\u00f1a Mackenna<\/strong>, al sur de esa provincia. <strong>Un cami\u00f3n perteneciente a una empresa transportista de Olavarr\u00eda se vio involucrado.<\/strong><\/p>\n<p>&nbsp;<\/p>\n<p><img data-recalc-dims=\"1\" loading=\"lazy\" decoding=\"async\" class=\"size-full wp-image-65969 aligncenter\" src=\"https:\/\/i0.wp.com\/cdnoticias.com\/wp-content\/uploads\/2022\/09\/choque-cordoba-ruta-7-LV16-03.jpg?resize=800%2C445&#038;ssl=1\" alt=\"\" width=\"800\" height=\"445\" srcset=\"https:\/\/i0.wp.com\/cdnoticias.com\/wp-content\/uploads\/2022\/09\/choque-cordoba-ruta-7-LV16-03.jpg?w=800&amp;ssl=1 800w, https:\/\/i0.wp.com\/cdnoticias.com\/wp-content\/uploads\/2022\/09\/choque-cordoba-ruta-7-LV16-03.jpg?resize=300%2C167&amp;ssl=1 300w, https:\/\/i0.wp.com\/cdnoticias.com\/wp-content\/uploads\/2022\/09\/choque-cordoba-ruta-7-LV16-03.jpg?resize=768%2C427&amp;ssl=1 768w\" sizes=\"auto, (max-width: 800px) 100vw, 800px\" \/><\/p>\n<p>&nbsp;<\/p>\n<p>Ocurri\u00f3 alrededor de las 13.15 del mi\u00e9rcoles. A la altura del kil\u00f3metro 571 de la ruta nacional 7 colisionaron <strong>un cami\u00f3n Iveco y un auto marca Jeep Sport<\/strong>.<\/p>\n<p>&nbsp;<\/p>\n<p><strong>En el Jeep viajaba el conductor, un hombre de 77 a\u00f1os quien falleci\u00f3 en el lugar<\/strong>, y una mujer de 71 a\u00f1os quien result\u00f3 con lesiones. Fue derivada al hospital de Vicu\u00f1a Mackenna para recibir atenci\u00f3n. Ambos tienen domicilio en CABA.<\/p>\n<p>&nbsp;<\/p>\n<p><img data-recalc-dims=\"1\" loading=\"lazy\" decoding=\"async\" class=\"size-full wp-image-65967 aligncenter\" src=\"https:\/\/i0.wp.com\/cdnoticias.com\/wp-content\/uploads\/2022\/09\/choque-cordoba-ruta-7-LV16-01.jpg?resize=800%2C445&#038;ssl=1\" alt=\"\" width=\"800\" height=\"445\" srcset=\"https:\/\/i0.wp.com\/cdnoticias.com\/wp-content\/uploads\/2022\/09\/choque-cordoba-ruta-7-LV16-01.jpg?w=800&amp;ssl=1 800w, https:\/\/i0.wp.com\/cdnoticias.com\/wp-content\/uploads\/2022\/09\/choque-cordoba-ruta-7-LV16-01.jpg?resize=300%2C167&amp;ssl=1 300w, https:\/\/i0.wp.com\/cdnoticias.com\/wp-content\/uploads\/2022\/09\/choque-cordoba-ruta-7-LV16-01.jpg?resize=768%2C427&amp;ssl=1 768w\" sizes=\"auto, (max-width: 800px) 100vw, 800px\" \/><\/p>\n<p>&nbsp;<\/p>\n<p><strong>El conductor del cami\u00f3n es de la vecina localidad de Azul y tiene 33 a\u00f1os<\/strong>. Result\u00f3 ileso.<\/p>\n<p>&nbsp;<\/p>\n<p>Qued\u00f3 volcado el transporte de cargas sobre la ruta y el cargamento que trasladaba desparramado en el sector. Se habilit\u00f3 un desv\u00edo mientras trabajan las fuerzas policiales de la Departamental R\u00edo Cuarto y bomberos de la zona.<\/p>\n<p>&nbsp;<\/p>\n<p><img data-recalc-dims=\"1\" loading=\"lazy\" decoding=\"async\" class=\"size-full wp-image-65970 aligncenter\" src=\"https:\/\/i0.wp.com\/cdnoticias.com\/wp-content\/uploads\/2022\/09\/choque-cordoba-ruta-7-Sur-Cordobes-00.jpg?resize=800%2C445&#038;ssl=1\" alt=\"\" width=\"800\" height=\"445\" srcset=\"https:\/\/i0.wp.com\/cdnoticias.com\/wp-content\/uploads\/2022\/09\/choque-cordoba-ruta-7-Sur-Cordobes-00.jpg?w=800&amp;ssl=1 800w, https:\/\/i0.wp.com\/cdnoticias.com\/wp-content\/uploads\/2022\/09\/choque-cordoba-ruta-7-Sur-Cordobes-00.jpg?resize=300%2C167&amp;ssl=1 300w, https:\/\/i0.wp.com\/cdnoticias.com\/wp-content\/uploads\/2022\/09\/choque-cordoba-ruta-7-Sur-Cordobes-00.jpg?resize=768%2C427&amp;ssl=1 768w\" sizes=\"auto, (max-width: 800px) 100vw, 800px\" \/><\/p>\n<p>&nbsp;<\/p>\n<p>Fuentes y fotos:<em> LV 16, Sur Cordob\u00e9s y La Voz<\/em><\/p>\n<p>&nbsp;<\/p>\n","protected":false},"excerpt":{"rendered":"<p>El caso se dio en ruta nacional 7, en la localidad de Vicu\u00f1a Mackenna. El cami\u00f3n choc\u00f3 con un Jeep.<\/p>\n","protected":false},"author":4,"featured_media":65968,"comment_status":"closed","ping_status":"closed","sticky":false,"template":"","format":"standard","meta":{"_jetpack_memberships_contains_paid_content":false,"footnotes":""},"categories":[6,1],"tags":[],"class_list":["post-65966","post","type-post","status-publish","format-standard","has-post-thumbnail","hentry","category-nacionales","category-portada"],"jetpack_featured_media_url":"https:\/\/i0.wp.com\/cdnoticias.com\/wp-content\/uploads\/2022\/09\/choque-cordoba-ruta-7-LV16-02.jpg?fit=800%2C444&ssl=1","jetpack_sharing_enabled":true,"_links":{"self":[{"href":"https:\/\/cdnoticias.com\/index.php\/wp-json\/wp\/v2\/posts\/65966","targetHints":{"allow":["GET"]}}],"collection":[{"href":"https:\/\/cdnoticias.com\/index.php\/wp-json\/wp\/v2\/posts"}],"about":[{"href":"https:\/\/cdnoticias.com\/index.php\/wp-json\/wp\/v2\/types\/post"}],"author":[{"embeddable":true,"href":"https:\/\/cdnoticias.com\/index.php\/wp-json\/wp\/v2\/users\/4"}],"replies":[{"embeddable":true,"href":"https:\/\/cdnoticias.com\/index.php\/wp-json\/wp\/v2\/comments?post=65966"}],"version-history":[{"count":0,"href":"https:\/\/cdnoticias.com\/index.php\/wp-json\/wp\/v2\/posts\/65966\/revisions"}],"wp:featuredmedia":[{"embeddable":true,"href":"https:\/\/cdnoticias.com\/index.php\/wp-json\/wp\/v2\/media\/65968"}],"wp:attachment":[{"href":"https:\/\/cdnoticias.com\/index.php\/wp-json\/wp\/v2\/media?parent=65966"}],"wp:term":[{"taxonomy":"category","embeddable":true,"href":"https:\/\/cdnoticias.com\/index.php\/wp-json\/wp\/v2\/categories?post=65966"},{"taxonomy":"post_tag","embeddable":true,"href":"https:\/\/cdnoticias.com\/index.php\/wp-json\/wp\/v2\/tags?post=65966"}],"curies":[{"name":"wp","href":"https:\/\/api.w.org\/{rel}","templated":true}]}}