{"id":6595,"date":"2020-11-15T21:18:06","date_gmt":"2020-11-16T00:18:06","guid":{"rendered":"http:\/\/www.centraldenoticias.com.ar\/?p=6595"},"modified":"2020-11-16T08:44:19","modified_gmt":"2020-11-16T11:44:19","slug":"como-se-implementara-la-cuarta-etapa-del-programa-rta","status":"publish","type":"post","link":"https:\/\/cdnoticias.com\/index.php\/2020\/11\/15\/como-se-implementara-la-cuarta-etapa-del-programa-rta\/","title":{"rendered":"C\u00f3mo se implementar\u00e1 la cuarta etapa del Programa RTA"},"content":{"rendered":"<p>Se realizar\u00e1n hisopados en los nuevos m\u00f3dulos colocados frente al Hospital. Adem\u00e1s, se diagram\u00f3 un cronograma de testeos en distintos puntos de la ciudad y las localidades.\u00a0<!--more--><\/p>\n<hr \/>\n<p>La continuidad del Programa RTA fue anunciada en la<a href=\"https:\/\/cdnoticias.com\/index.php\/2020\/11\/14\/olavarria-sigue-en-fase-4-pero-con-nuevas-actividades-permitidas\/\" target=\"_blank\" rel=\"noopener\"> conferencia de prensa<\/a> que encabezaron el s\u00e1bado el intendente Ezequiel Galli y el secretario de Salud Dr. Germ\u00e1n Caputo.<\/p>\n<p>&nbsp;<\/p>\n<p>El secretario de Salud explic\u00f3 la implementaci\u00f3n de una cuarta etapa del Programa RTA y <strong>asegur\u00f3 que no se descarta una quinta etapa en una fecha pr\u00f3xima a las fiestas.<\/strong><\/p>\n<p>&nbsp;<\/p>\n<p>Respecto a la concreci\u00f3n del Programa RTA indicaron que <strong>de lunes a viernes a partir de las 7:30 se realizar\u00e1n hisopados en los nuevos m\u00f3dulos colocados en la puerta del Hospital Municipal Dr. H\u00e9ctor Cura. \u00a0<\/strong><\/p>\n<p>&nbsp;<\/p>\n<p><img data-recalc-dims=\"1\" loading=\"lazy\" decoding=\"async\" class=\"alignnone size-large wp-image-6175\" src=\"https:\/\/i0.wp.com\/cdnoticias.com\/wp-content\/uploads\/2020\/11\/Salud-Modulo-RTA-Hospital-2.jpg?resize=800%2C534&#038;ssl=1\" alt=\"\" width=\"800\" height=\"534\" srcset=\"https:\/\/i0.wp.com\/cdnoticias.com\/wp-content\/uploads\/2020\/11\/Salud-Modulo-RTA-Hospital-2.jpg?resize=1024%2C683&amp;ssl=1 1024w, https:\/\/i0.wp.com\/cdnoticias.com\/wp-content\/uploads\/2020\/11\/Salud-Modulo-RTA-Hospital-2.jpg?resize=300%2C200&amp;ssl=1 300w, https:\/\/i0.wp.com\/cdnoticias.com\/wp-content\/uploads\/2020\/11\/Salud-Modulo-RTA-Hospital-2.jpg?resize=768%2C512&amp;ssl=1 768w, https:\/\/i0.wp.com\/cdnoticias.com\/wp-content\/uploads\/2020\/11\/Salud-Modulo-RTA-Hospital-2.jpg?resize=272%2C182&amp;ssl=1 272w, https:\/\/i0.wp.com\/cdnoticias.com\/wp-content\/uploads\/2020\/11\/Salud-Modulo-RTA-Hospital-2.jpg?w=1968&amp;ssl=1 1968w, https:\/\/i0.wp.com\/cdnoticias.com\/wp-content\/uploads\/2020\/11\/Salud-Modulo-RTA-Hospital-2.jpg?w=1600&amp;ssl=1 1600w\" sizes=\"auto, (max-width: 800px) 100vw, 800px\" \/><\/p>\n<p>&nbsp;<\/p>\n<p>Adem\u00e1s, de acuerdo al cronograma, se realizar\u00e1n hisopados en distintos puntos de la ciudad y las localidades.<\/p>\n<p>&nbsp;<\/p>\n<p>Los pacientes ser\u00e1n entrevistados por un equipo entrenado en detecci\u00f3n de s\u00edntomas m\u00e1s frecuentes asociados a Covid-19. Se recuerda concurrir solo en caso de presentar s\u00edntomas como tos, falta de olfato, falta de gusto, m\u00e1s de 37.5\u00ba de fiebre, dolor de garganta, falta de aire o m\u00e1s de 48 horas con diarrea.<\/p>\n<p>&nbsp;<\/p>\n<p>No se realizar\u00e1 hisopado de pacientes asintom\u00e1ticos o con otros s\u00edntomas asociados con menor frecuencia a COVID-19.<\/p>\n<p>&nbsp;<\/p>\n<p><img data-recalc-dims=\"1\" loading=\"lazy\" decoding=\"async\" class=\"alignnone size-large wp-image-6596\" src=\"https:\/\/i0.wp.com\/cdnoticias.com\/wp-content\/uploads\/2020\/11\/WhatsApp-Image-2020-11-15-at-20.21.51.jpeg?resize=800%2C800&#038;ssl=1\" alt=\"\" width=\"800\" height=\"800\" srcset=\"https:\/\/i0.wp.com\/cdnoticias.com\/wp-content\/uploads\/2020\/11\/WhatsApp-Image-2020-11-15-at-20.21.51.jpeg?resize=1024%2C1024&amp;ssl=1 1024w, https:\/\/i0.wp.com\/cdnoticias.com\/wp-content\/uploads\/2020\/11\/WhatsApp-Image-2020-11-15-at-20.21.51.jpeg?resize=150%2C150&amp;ssl=1 150w, https:\/\/i0.wp.com\/cdnoticias.com\/wp-content\/uploads\/2020\/11\/WhatsApp-Image-2020-11-15-at-20.21.51.jpeg?resize=300%2C300&amp;ssl=1 300w, https:\/\/i0.wp.com\/cdnoticias.com\/wp-content\/uploads\/2020\/11\/WhatsApp-Image-2020-11-15-at-20.21.51.jpeg?resize=768%2C768&amp;ssl=1 768w, https:\/\/i0.wp.com\/cdnoticias.com\/wp-content\/uploads\/2020\/11\/WhatsApp-Image-2020-11-15-at-20.21.51.jpeg?w=1280&amp;ssl=1 1280w\" sizes=\"auto, (max-width: 800px) 100vw, 800px\" \/><\/p>\n<p>&nbsp;<\/p>\n<p><strong>Los testeos itinerantes se realizan a partir de las 9:00. El cronograma completo es el siguiente:<\/strong><\/p>\n<p>&nbsp;<\/p>\n<p><strong>16\/11\/2020<\/strong> &#8211; Territorial N\u00b0 2 (Alberdi y Coronel Su\u00e1rez)<\/p>\n<p><strong>18\/11\/2020<\/strong> &#8211; Paseo Jes\u00fas Mend\u00eda<\/p>\n<p><strong>20\/11\/2020<\/strong> \u2013 CAPS N\u00b0 4 (Sierra Chica)<\/p>\n<p><strong>24\/11\/2020 <\/strong>\u2013 Territorial N\u00b0 6 (Balcarce y Mendoza)<\/p>\n<p><strong>26\/11\/2020<\/strong> &#8211; Paseo de la Salud (Belgrano y Brown)<\/p>\n<p><strong>27\/11\/22020<\/strong> &#8211; Club Loma Negra (Loma Negra)<\/p>\n<p><strong>30\/11\/2020<\/strong> &#8211; Territorial N\u00b0 4 (Rufino Fal y Berutti)<\/p>\n<p><strong>02\/12\/2020<\/strong> &#8211; Paseo Jes\u00fas Mend\u00eda<\/p>\n<p><strong>04\/12\/2020<\/strong> &#8211; CAPS Colonia Hinojo<\/p>\n<p><strong>07\/12\/2020<\/strong> &#8211; CAPS N\u00b0 23 (Av. Emiliozzi 5936 \u2013 Barrio Bel\u00e9n)<\/p>\n<p><strong>9\/12\/2020<\/strong> &#8211; Paseo de la Salud (Belgrano y Brown)<\/p>\n<p><strong>11\/12\/2020<\/strong> \u2013 CAPS Colonia San Miguel<\/p>\n","protected":false},"excerpt":{"rendered":"<p>Se realizar\u00e1n hisopados en los nuevos m\u00f3dulos colocados frente al Hospital. Adem\u00e1s, se diagram\u00f3 un cronograma de testeos en distintos<\/p>\n","protected":false},"author":5,"featured_media":6598,"comment_status":"closed","ping_status":"closed","sticky":false,"template":"","format":"standard","meta":{"_jetpack_memberships_contains_paid_content":false,"footnotes":""},"categories":[5,1],"tags":[],"class_list":["post-6595","post","type-post","status-publish","format-standard","has-post-thumbnail","hentry","category-informacion-general","category-portada"],"jetpack_featured_media_url":"https:\/\/i0.wp.com\/cdnoticias.com\/wp-content\/uploads\/2020\/11\/Salud-Testeos-Intensivos-Loma-Negra-1024x683.jpg?fit=1024%2C683&ssl=1","jetpack_sharing_enabled":true,"_links":{"self":[{"href":"https:\/\/cdnoticias.com\/index.php\/wp-json\/wp\/v2\/posts\/6595","targetHints":{"allow":["GET"]}}],"collection":[{"href":"https:\/\/cdnoticias.com\/index.php\/wp-json\/wp\/v2\/posts"}],"about":[{"href":"https:\/\/cdnoticias.com\/index.php\/wp-json\/wp\/v2\/types\/post"}],"author":[{"embeddable":true,"href":"https:\/\/cdnoticias.com\/index.php\/wp-json\/wp\/v2\/users\/5"}],"replies":[{"embeddable":true,"href":"https:\/\/cdnoticias.com\/index.php\/wp-json\/wp\/v2\/comments?post=6595"}],"version-history":[{"count":0,"href":"https:\/\/cdnoticias.com\/index.php\/wp-json\/wp\/v2\/posts\/6595\/revisions"}],"wp:featuredmedia":[{"embeddable":true,"href":"https:\/\/cdnoticias.com\/index.php\/wp-json\/wp\/v2\/media\/6598"}],"wp:attachment":[{"href":"https:\/\/cdnoticias.com\/index.php\/wp-json\/wp\/v2\/media?parent=6595"}],"wp:term":[{"taxonomy":"category","embeddable":true,"href":"https:\/\/cdnoticias.com\/index.php\/wp-json\/wp\/v2\/categories?post=6595"},{"taxonomy":"post_tag","embeddable":true,"href":"https:\/\/cdnoticias.com\/index.php\/wp-json\/wp\/v2\/tags?post=6595"}],"curies":[{"name":"wp","href":"https:\/\/api.w.org\/{rel}","templated":true}]}}