{"id":65943,"date":"2022-09-28T18:50:11","date_gmt":"2022-09-28T21:50:11","guid":{"rendered":"https:\/\/www.centraldenoticias.com.ar\/?p=65943"},"modified":"2022-09-28T18:50:11","modified_gmt":"2022-09-28T21:50:11","slug":"el-intendente-galli-en-una-charla-de-gestion-municipal-en-buenos-aires","status":"publish","type":"post","link":"https:\/\/cdnoticias.com\/index.php\/2022\/09\/28\/el-intendente-galli-en-una-charla-de-gestion-municipal-en-buenos-aires\/","title":{"rendered":"El Intendente Galli en una charla de gesti\u00f3n municipal en Buenos Aires"},"content":{"rendered":"<p>Fue este mi\u00e9rcoles, junto a otros jefes comunales y funcionarios de todo el territorio bonaerense. Fue el 4\u00b0 Encuentro de Transferencia de Gesti\u00f3n e Intercambio con Municipios.<!--more--><\/p>\n<hr \/>\n<p>Este mi\u00e9rcoles el intendente Ezequiel Galli disert\u00f3 en el <strong>4\u00b0 Encuentro de Transferencia de Gesti\u00f3n e Intercambio con Municipios<\/strong> en la Casa de Gobierno de la Ciudad Aut\u00f3noma de Buenos Aires.<\/p>\n<p>&nbsp;<\/p>\n<p>Este encuentro se da en el marco de trabajo de vinculaci\u00f3n que realiza la<strong> Direcci\u00f3n General de Promoci\u00f3n Tur\u00edstica del Ente de Turismo de la Ciudad de Buenos Aires (ENTUR).<\/strong><\/p>\n<p>&nbsp;<\/p>\n<p>El jefe comunal estuvo acompa\u00f1ado por el Secretario de Desarrollo Econ\u00f3mico Julio Valetutto e integrantes de la Direcci\u00f3n de Turismo, fue invitado a presentar la propuesta tur\u00edstica de Olavarr\u00eda y comunicar c\u00f3mo se viene abordando el \u00e1rea en el plano local.<\/p>\n<p>&nbsp;<\/p>\n<p>Durante la exposici\u00f3n, Galli se refiri\u00f3 al <em>\u201cnuevo paradigma y desaf\u00edo que representa el turismo, a trav\u00e9s del cual se pretende conseguir una diversificaci\u00f3n del perfil productivo local\u201d.<\/em><\/p>\n<p>&nbsp;<\/p>\n<p><img data-recalc-dims=\"1\" loading=\"lazy\" decoding=\"async\" class=\"alignnone size-large wp-image-65945\" src=\"https:\/\/i0.wp.com\/cdnoticias.com\/wp-content\/uploads\/2022\/09\/gallientur-2.jpg?resize=800%2C534&#038;ssl=1\" alt=\"\" width=\"800\" height=\"534\" srcset=\"https:\/\/i0.wp.com\/cdnoticias.com\/wp-content\/uploads\/2022\/09\/gallientur-2.jpg?resize=1024%2C683&amp;ssl=1 1024w, https:\/\/i0.wp.com\/cdnoticias.com\/wp-content\/uploads\/2022\/09\/gallientur-2.jpg?resize=300%2C200&amp;ssl=1 300w, https:\/\/i0.wp.com\/cdnoticias.com\/wp-content\/uploads\/2022\/09\/gallientur-2.jpg?resize=768%2C512&amp;ssl=1 768w, https:\/\/i0.wp.com\/cdnoticias.com\/wp-content\/uploads\/2022\/09\/gallientur-2.jpg?resize=272%2C182&amp;ssl=1 272w, https:\/\/i0.wp.com\/cdnoticias.com\/wp-content\/uploads\/2022\/09\/gallientur-2.jpg?w=1392&amp;ssl=1 1392w\" sizes=\"auto, (max-width: 800px) 100vw, 800px\" \/><\/p>\n<p>&nbsp;<\/p>\n<blockquote><p>\u00a0\u201cEn la presentaci\u00f3n pudimos destacar las fortalezas con las que el Partido cuenta como su ubicaci\u00f3n estrat\u00e9gica en el centro de la Provincia, su legado cultural y enfatizando en el valor del patrimonio minero industrial\u201d, explic\u00f3 Galli.<\/p><\/blockquote>\n<p>&nbsp;<\/p>\n<p>Adem\u00e1s, el jefe comunal expres\u00f3 que <strong><em>\u201ctambi\u00e9n resaltamos la re funcionalizaci\u00f3n de los espacios verdes que se vienen desarrollando para usos deportivos y recreativos\u201d.<\/em><\/strong><\/p>\n<p>&nbsp;<\/p>\n<p>Cabe destacar que <strong>Olavarr\u00eda fue convocado para dicha actividad junto con 32 municipios m\u00e1s de la provincia de Buenos Aires,<\/strong> donde tambi\u00e9n participaron como oradores los municipios de Trenque Lauquen, Lobos, Pinamar y CABA.<\/p>\n<p>&nbsp;<\/p>\n<p><span style=\"text-decoration: underline;\"><strong>ENTUR<\/strong><\/span><\/p>\n<p>&nbsp;<\/p>\n<p>El ENTUR cuenta con el Observatorio Tur\u00edstico, que genera inteligencia de mercado para orientar la toma de decisiones en el sector p\u00fablico, empresas y profesionales, potenciar el turismo como una actividad estrat\u00e9gica para el desarrollo econ\u00f3mico y social de la Ciudad de Buenos Aires.<\/p>\n","protected":false},"excerpt":{"rendered":"<p>Fue este mi\u00e9rcoles, junto a otros jefes comunales y funcionarios de todo el territorio bonaerense. Fue el 4\u00b0 Encuentro de<\/p>\n","protected":false},"author":2,"featured_media":65944,"comment_status":"closed","ping_status":"closed","sticky":false,"template":"","format":"standard","meta":{"_jetpack_memberships_contains_paid_content":false,"footnotes":""},"categories":[5,1],"tags":[],"class_list":["post-65943","post","type-post","status-publish","format-standard","has-post-thumbnail","hentry","category-informacion-general","category-portada"],"jetpack_featured_media_url":"https:\/\/i0.wp.com\/cdnoticias.com\/wp-content\/uploads\/2022\/09\/gallientur-1.jpg?fit=1392%2C928&ssl=1","jetpack_sharing_enabled":true,"_links":{"self":[{"href":"https:\/\/cdnoticias.com\/index.php\/wp-json\/wp\/v2\/posts\/65943","targetHints":{"allow":["GET"]}}],"collection":[{"href":"https:\/\/cdnoticias.com\/index.php\/wp-json\/wp\/v2\/posts"}],"about":[{"href":"https:\/\/cdnoticias.com\/index.php\/wp-json\/wp\/v2\/types\/post"}],"author":[{"embeddable":true,"href":"https:\/\/cdnoticias.com\/index.php\/wp-json\/wp\/v2\/users\/2"}],"replies":[{"embeddable":true,"href":"https:\/\/cdnoticias.com\/index.php\/wp-json\/wp\/v2\/comments?post=65943"}],"version-history":[{"count":0,"href":"https:\/\/cdnoticias.com\/index.php\/wp-json\/wp\/v2\/posts\/65943\/revisions"}],"wp:featuredmedia":[{"embeddable":true,"href":"https:\/\/cdnoticias.com\/index.php\/wp-json\/wp\/v2\/media\/65944"}],"wp:attachment":[{"href":"https:\/\/cdnoticias.com\/index.php\/wp-json\/wp\/v2\/media?parent=65943"}],"wp:term":[{"taxonomy":"category","embeddable":true,"href":"https:\/\/cdnoticias.com\/index.php\/wp-json\/wp\/v2\/categories?post=65943"},{"taxonomy":"post_tag","embeddable":true,"href":"https:\/\/cdnoticias.com\/index.php\/wp-json\/wp\/v2\/tags?post=65943"}],"curies":[{"name":"wp","href":"https:\/\/api.w.org\/{rel}","templated":true}]}}