{"id":65937,"date":"2022-09-28T18:10:14","date_gmt":"2022-09-28T21:10:14","guid":{"rendered":"https:\/\/www.centraldenoticias.com.ar\/?p=65937"},"modified":"2022-09-29T08:32:14","modified_gmt":"2022-09-29T11:32:14","slug":"ruta-3-a-5-kilometros-de-un-choque-fatal-otro-siniestro-vial-entre-camiones","status":"publish","type":"post","link":"https:\/\/cdnoticias.com\/index.php\/2022\/09\/28\/ruta-3-a-5-kilometros-de-un-choque-fatal-otro-siniestro-vial-entre-camiones\/","title":{"rendered":"Ruta 3: a 5 kil\u00f3metros de un choque fatal, otro siniestro vial entre camiones"},"content":{"rendered":"<p>Fue en la tarde de este mi\u00e9rcoles. La particularidad estuvo en que, al igual que el accidente de la madrugada, tambi\u00e9n fue por alcance entre dos camiones. Hubo un herido de consideraci\u00f3n.<!--more--><\/p>\n<hr \/>\n<p>A pocas horas y a tan solo 5 kil\u00f3metros de distancia de un fatal accidente entre dos camiones,<strong> un choque tambi\u00e9n entre dos veh\u00edculos de gran porte se registr\u00f3 en la ruta nacional N\u00b03.<\/strong><\/p>\n<p>&nbsp;<\/p>\n<blockquote class=\"wp-embedded-content\" data-secret=\"eunexd7J1z\"><p><a href=\"https:\/\/cdnoticias.com\/index.php\/2022\/09\/28\/las-flores-un-camionero-perdio-la-vida-en-un-accidente-en-ruta-3\/\">Las Flores: Un camionero perdi\u00f3 la vida en un accidente en ruta 3<\/a><\/p><\/blockquote>\n<p><iframe loading=\"lazy\" class=\"wp-embedded-content\" sandbox=\"allow-scripts\" security=\"restricted\" style=\"position: absolute; clip: rect(1px, 1px, 1px, 1px);\" title=\"&#8220;Las Flores: Un camionero perdi\u00f3 la vida en un accidente en ruta 3&#8221; &#8212; Central de Noticias | Olavarr\u00eda\" src=\"https:\/\/cdnoticias.com\/index.php\/2022\/09\/28\/las-flores-un-camionero-perdio-la-vida-en-un-accidente-en-ruta-3\/embed\/#?secret=lbW9WEwp4e#?secret=eunexd7J1z\" data-secret=\"eunexd7J1z\" width=\"600\" height=\"338\" frameborder=\"0\" marginwidth=\"0\" marginheight=\"0\" scrolling=\"no\"><\/iframe><\/p>\n<p>&nbsp;<\/p>\n<p>Fue en la tarde de este mi\u00e9rcoles, seg\u00fan inform\u00f3 el portal Noticias Las Flores. Seg\u00fan se logr\u00f3 saber<strong>, tras el choque de la madrugada se formaron largas colas para poder circular por la zona.<\/strong><\/p>\n<p>&nbsp;<\/p>\n<p><img data-recalc-dims=\"1\" loading=\"lazy\" decoding=\"async\" class=\"alignnone size-full wp-image-65939\" src=\"https:\/\/i0.wp.com\/cdnoticias.com\/wp-content\/uploads\/2022\/09\/choque-ruta-31.jpg?resize=631%2C451&#038;ssl=1\" alt=\"\" width=\"631\" height=\"451\" srcset=\"https:\/\/i0.wp.com\/cdnoticias.com\/wp-content\/uploads\/2022\/09\/choque-ruta-31.jpg?w=631&amp;ssl=1 631w, https:\/\/i0.wp.com\/cdnoticias.com\/wp-content\/uploads\/2022\/09\/choque-ruta-31.jpg?resize=300%2C214&amp;ssl=1 300w\" sizes=\"auto, (max-width: 631px) 100vw, 631px\" \/><\/p>\n<p>&nbsp;<\/p>\n<p>En ese contexto, <strong>se dio otro siniestro vial de similares caracter\u00edsticas: un cami\u00f3n impact\u00f3, por alcance, a otro que circulaba en la misma direcci\u00f3n. El hecho se registr\u00f3 en el kil\u00f3metro 193,5 de la ruta nacional, frente al aer\u00f3dromo de Las Flores.<\/strong><\/p>\n<p>&nbsp;<\/p>\n<p>R\u00e1pidamente personal de salud, vial y una dotaci\u00f3n de Bomberos Voluntarios acudieron para trabajar en el lugar.<\/p>\n<p>&nbsp;<\/p>\n<p><img data-recalc-dims=\"1\" loading=\"lazy\" decoding=\"async\" class=\"alignnone size-full wp-image-65940\" src=\"https:\/\/i0.wp.com\/cdnoticias.com\/wp-content\/uploads\/2022\/09\/choque-ruta-32.jpg?resize=800%2C617&#038;ssl=1\" alt=\"\" width=\"800\" height=\"617\" srcset=\"https:\/\/i0.wp.com\/cdnoticias.com\/wp-content\/uploads\/2022\/09\/choque-ruta-32.jpg?w=810&amp;ssl=1 810w, https:\/\/i0.wp.com\/cdnoticias.com\/wp-content\/uploads\/2022\/09\/choque-ruta-32.jpg?resize=300%2C231&amp;ssl=1 300w, https:\/\/i0.wp.com\/cdnoticias.com\/wp-content\/uploads\/2022\/09\/choque-ruta-32.jpg?resize=768%2C593&amp;ssl=1 768w\" sizes=\"auto, (max-width: 800px) 100vw, 800px\" \/><\/p>\n<p>&nbsp;<\/p>\n<p><strong>El conductor del veh\u00edculo que impact\u00f3 al cami\u00f3n qued\u00f3 atrapado y tuvo que ser rescatado.<\/strong> Las primeras informaciones daban cuenta de que<strong> tuvo heridas de consideraci\u00f3n.<\/strong><\/p>\n<p>&nbsp;<\/p>\n<p>En el lugar trabaj\u00f3 personal de Polic\u00eda Vial, Bomberos y SAME.<\/p>\n<p>&nbsp;<\/p>\n<p><strong><em>(Fotos: Gentileza Noticias de Azul)\u00a0<\/em><\/strong><\/p>\n","protected":false},"excerpt":{"rendered":"<p>Fue en la tarde de este mi\u00e9rcoles. La particularidad estuvo en que, al igual que el accidente de la madrugada,<\/p>\n","protected":false},"author":2,"featured_media":65938,"comment_status":"closed","ping_status":"closed","sticky":false,"template":"","format":"standard","meta":{"_jetpack_memberships_contains_paid_content":false,"footnotes":""},"categories":[6,1],"tags":[],"class_list":["post-65937","post","type-post","status-publish","format-standard","has-post-thumbnail","hentry","category-nacionales","category-portada"],"jetpack_featured_media_url":"https:\/\/i0.wp.com\/cdnoticias.com\/wp-content\/uploads\/2022\/09\/choque-ruta-3.jpg?fit=1402%2C876&ssl=1","jetpack_sharing_enabled":true,"_links":{"self":[{"href":"https:\/\/cdnoticias.com\/index.php\/wp-json\/wp\/v2\/posts\/65937","targetHints":{"allow":["GET"]}}],"collection":[{"href":"https:\/\/cdnoticias.com\/index.php\/wp-json\/wp\/v2\/posts"}],"about":[{"href":"https:\/\/cdnoticias.com\/index.php\/wp-json\/wp\/v2\/types\/post"}],"author":[{"embeddable":true,"href":"https:\/\/cdnoticias.com\/index.php\/wp-json\/wp\/v2\/users\/2"}],"replies":[{"embeddable":true,"href":"https:\/\/cdnoticias.com\/index.php\/wp-json\/wp\/v2\/comments?post=65937"}],"version-history":[{"count":0,"href":"https:\/\/cdnoticias.com\/index.php\/wp-json\/wp\/v2\/posts\/65937\/revisions"}],"wp:featuredmedia":[{"embeddable":true,"href":"https:\/\/cdnoticias.com\/index.php\/wp-json\/wp\/v2\/media\/65938"}],"wp:attachment":[{"href":"https:\/\/cdnoticias.com\/index.php\/wp-json\/wp\/v2\/media?parent=65937"}],"wp:term":[{"taxonomy":"category","embeddable":true,"href":"https:\/\/cdnoticias.com\/index.php\/wp-json\/wp\/v2\/categories?post=65937"},{"taxonomy":"post_tag","embeddable":true,"href":"https:\/\/cdnoticias.com\/index.php\/wp-json\/wp\/v2\/tags?post=65937"}],"curies":[{"name":"wp","href":"https:\/\/api.w.org\/{rel}","templated":true}]}}