{"id":65912,"date":"2022-09-28T14:41:36","date_gmt":"2022-09-28T17:41:36","guid":{"rendered":"https:\/\/www.centraldenoticias.com.ar\/?p=65912"},"modified":"2022-09-28T17:17:47","modified_gmt":"2022-09-28T20:17:47","slug":"comercializacion-de-cocaina-se-dicto-la-detencion-para-una-mujer","status":"publish","type":"post","link":"https:\/\/cdnoticias.com\/index.php\/2022\/09\/28\/comercializacion-de-cocaina-se-dicto-la-detencion-para-una-mujer\/","title":{"rendered":"Comercializaci\u00f3n de coca\u00edna: se dict\u00f3 la detenci\u00f3n para una mujer"},"content":{"rendered":"<p>Hab\u00eda sido arrestada la semana pasada junto con su hermano. En tanto, el pedido de detenci\u00f3n para el hombre fue rechazado y qued\u00f3 en libertad.<!--more--><\/p>\n<hr \/>\n<p><strong>Se conocieron las decisiones del Juzgado de Garant\u00edas N\u00ba 2 sobre los pedidos de detenci\u00f3n que elev\u00f3 el fiscal Lucas Moyano de la UFI N\u00ba 19<\/strong> por dos hermanos arrestados el jueves pasado, acusados de comercializaci\u00f3n de coca\u00edna.<\/p>\n<p>&nbsp;<\/p>\n<p>Seg\u00fan se indic\u00f3 a <strong>Central de Noticias<\/strong>, <strong>fue avalado el pedido para la mujer de 31 a\u00f1os<\/strong> y denegada la solicitud respecto de su hermano, de 30 a\u00f1os.<\/p>\n<p>&nbsp;<\/p>\n<blockquote><p>En este sentido, el juez Carlos Villamar\u00edn dict\u00f3 la detenci\u00f3n de Johana Marisol G\u00f3mez por \u201ctenencia ileg\u00edtima de estupefacientes con fines de comercializaci\u00f3n en dosis fraccionadas destinadas al consumidor\u201d.<\/p><\/blockquote>\n<p>&nbsp;<\/p>\n<p>La mujer est\u00e1 alojada en la comisar\u00eda de la localidad de Noberto de la Riestra de 25 de Mayo y <strong>ser\u00e1 trasladada a la Unidad 52 de Azul<\/strong>.<\/p>\n<p>&nbsp;<\/p>\n<p>En tanto,<strong> respecto de su hermano se dispuso la liberaci\u00f3n<\/strong> ya que la Justicia de Garant\u00edas no \u00a0hizo lugar al pedido de detenci\u00f3n.<\/p>\n<p>&nbsp;<\/p>\n<p><a href=\"https:\/\/cdnoticias.com\/index.php\/2022\/09\/23\/dos-aprehendidos-y-cocaina-secuestrada-tras-un-allanamiento\/\" target=\"_blank\" rel=\"noopener\">El jueves hab\u00edan sido aprehendidos ambos en el marco de un allanamiento<\/a> realizado el jueves en el domicilio que ambos compart\u00edan en <strong>Grimaldi Bis al 1000 de nuestra ciudad<\/strong>. All\u00ed <strong>fueron secuestrados numerosos elementos probatorios, entre ellos coca\u00edna<\/strong> en una cantidad que no fue detallada.<\/p>\n<p>&nbsp;<\/p>\n<blockquote class=\"wp-embedded-content\" data-secret=\"D4E97iDw7N\"><p><a href=\"https:\/\/cdnoticias.com\/index.php\/2022\/09\/24\/se-negaron-a-declarar-los-hermanos-acusados-de-comercializacion-de-cocaina\/\">Se negaron a declarar los hermanos acusados de comercializaci\u00f3n de coca\u00edna<\/a><\/p><\/blockquote>\n<p><iframe loading=\"lazy\" class=\"wp-embedded-content\" sandbox=\"allow-scripts\" security=\"restricted\" style=\"position: absolute; clip: rect(1px, 1px, 1px, 1px);\" title=\"&#8220;Se negaron a declarar los hermanos acusados de comercializaci\u00f3n de coca\u00edna&#8221; &#8212; Central de Noticias | Olavarr\u00eda\" src=\"https:\/\/cdnoticias.com\/index.php\/2022\/09\/24\/se-negaron-a-declarar-los-hermanos-acusados-de-comercializacion-de-cocaina\/embed\/#?secret=Ug7KXtSWMx#?secret=D4E97iDw7N\" data-secret=\"D4E97iDw7N\" width=\"600\" height=\"338\" frameborder=\"0\" marginwidth=\"0\" marginheight=\"0\" scrolling=\"no\"><\/iframe><\/p>\n<p>&nbsp;<\/p>\n","protected":false},"excerpt":{"rendered":"<p>Hab\u00eda sido arrestada la semana pasada junto con su hermano. En tanto, el pedido de detenci\u00f3n para el hombre fue<\/p>\n","protected":false},"author":4,"featured_media":1878,"comment_status":"closed","ping_status":"closed","sticky":false,"template":"","format":"standard","meta":{"_jetpack_memberships_contains_paid_content":false,"footnotes":""},"categories":[14,1],"tags":[],"class_list":["post-65912","post","type-post","status-publish","format-standard","has-post-thumbnail","hentry","category-policiales","category-portada"],"jetpack_featured_media_url":"https:\/\/i0.wp.com\/cdnoticias.com\/wp-content\/uploads\/2020\/09\/WhatsApp-Image-2020-08-31-at-16.11.41-e1600490569282.jpeg?fit=1280%2C745&ssl=1","jetpack_sharing_enabled":true,"_links":{"self":[{"href":"https:\/\/cdnoticias.com\/index.php\/wp-json\/wp\/v2\/posts\/65912","targetHints":{"allow":["GET"]}}],"collection":[{"href":"https:\/\/cdnoticias.com\/index.php\/wp-json\/wp\/v2\/posts"}],"about":[{"href":"https:\/\/cdnoticias.com\/index.php\/wp-json\/wp\/v2\/types\/post"}],"author":[{"embeddable":true,"href":"https:\/\/cdnoticias.com\/index.php\/wp-json\/wp\/v2\/users\/4"}],"replies":[{"embeddable":true,"href":"https:\/\/cdnoticias.com\/index.php\/wp-json\/wp\/v2\/comments?post=65912"}],"version-history":[{"count":0,"href":"https:\/\/cdnoticias.com\/index.php\/wp-json\/wp\/v2\/posts\/65912\/revisions"}],"wp:featuredmedia":[{"embeddable":true,"href":"https:\/\/cdnoticias.com\/index.php\/wp-json\/wp\/v2\/media\/1878"}],"wp:attachment":[{"href":"https:\/\/cdnoticias.com\/index.php\/wp-json\/wp\/v2\/media?parent=65912"}],"wp:term":[{"taxonomy":"category","embeddable":true,"href":"https:\/\/cdnoticias.com\/index.php\/wp-json\/wp\/v2\/categories?post=65912"},{"taxonomy":"post_tag","embeddable":true,"href":"https:\/\/cdnoticias.com\/index.php\/wp-json\/wp\/v2\/tags?post=65912"}],"curies":[{"name":"wp","href":"https:\/\/api.w.org\/{rel}","templated":true}]}}