{"id":65889,"date":"2022-09-28T10:56:41","date_gmt":"2022-09-28T13:56:41","guid":{"rendered":"https:\/\/www.centraldenoticias.com.ar\/?p=65889"},"modified":"2022-09-28T10:56:41","modified_gmt":"2022-09-28T13:56:41","slug":"continua-abierta-la-convocatoria-del-concurso-literario-ellas-no-fueron-contadas","status":"publish","type":"post","link":"https:\/\/cdnoticias.com\/index.php\/2022\/09\/28\/continua-abierta-la-convocatoria-del-concurso-literario-ellas-no-fueron-contadas\/","title":{"rendered":"Contin\u00faa abierta la convocatoria del Concurso Literario \u201cEllas no fueron contadas\u201d"},"content":{"rendered":"<p>Es impulsado por el ministerio de las Mujeres, Pol\u00edticas de G\u00e9nero y Diversidad Sexual bonaerense. Busca incentivar las narrativas feministas. Se puede participar en tres categor\u00edas de relatos.<!--more--><\/p>\n<hr \/>\n<p>El ministerio de las Mujeres, Pol\u00edticas de G\u00e9nero y Diversidad Sexual de la provincia de Buenos Aires convoca a las mujeres y diversidades de todos los distritos bonaerenses a participar de la 3\u00b0 Edici\u00f3n del Concurso Literario \u201cEllas no fueron contadas\u201d.<\/p>\n<p>&nbsp;<\/p>\n<p>El concurso constituye una pol\u00edtica p\u00fablica cuyo objetivo es<strong> potenciar la escritura de mujeres y LGTBI+ bonaerenses.<\/strong> El certamen busca dar lugar a relatos de aquellas que dejaron huellas en sus territorios, que conformaron movimientos sociales y ocuparon un lugar significativo en la historia provincial.<\/p>\n<p>&nbsp;<\/p>\n<p>Incentivar las narrativas feministas desde el Estado provincial es central para la <strong>promoci\u00f3n de nuevas pr\u00e1cticas culturales y promover nuevos modos comunitarios de vincularnos<\/strong>, en funci\u00f3n del fortalecimiento de las redes de mujeres y diversidades, para que sean reconocidas en y desde sus derechos.<\/p>\n<p>&nbsp;<\/p>\n<p>La <strong>ministra de las Mujeres, Pol\u00edticas de G\u00e9nero y Diversidad Sexual Estela D\u00edaz<\/strong> indica, en el pr\u00f3logo de la primera edici\u00f3n del libro, que este concurso \u201cinvita a dibujar un nuevo mapa de la trama social de la provincia de Buenos Aires y busca reponer historias silenciadas, invisibles, que nos permitieran salir del lugar de subalternidad y subordinaci\u00f3n, que siempre nos tuvo como actoras de reparto u objetos decorativos. Es as\u00ed que buscamos visibilizar, hablar del protagonismo de las mujeres no contadas, construidas al calor de los ritmos lentos o agitados de nuestra historia\u201d.<\/p>\n<p>&nbsp;<\/p>\n<p>La convocatoria a esta tercera edici\u00f3n es para tres categor\u00edas de relatos: <strong>historias de vida; el Estado en tu vida, relatos en primera persona; y ficci\u00f3n en clave de g\u00e9nero.<\/strong> Los relatos presentados en la primera categor\u00eda deber\u00e1n contar con una protagonista bonaerense y estar basados en hechos reales; la segunda categor\u00eda busca reflejar la voluntad de conocer en qu\u00e9 mejor\u00f3, y\/o c\u00f3mo se transform\u00f3 positivamente tu vida, a ra\u00edz de decisiones pol\u00edticas democr\u00e1ticas; y los relatos presentados en la categor\u00eda \u201cficci\u00f3n en clave de g\u00e9nero\u201d no tienen que estar basados en hechos reales, sino que pueden ser narraciones que no se ajusten estrictamente a sucesos y\/o personajes existentes, siempre que traten una tem\u00e1tica en clave de g\u00e9nero y se sit\u00faen en territorio provincial.<strong> Se otorgar\u00e1n tres premios por cada categor\u00eda de: $130.000, $80.000 y $50.000.<\/strong><\/p>\n<p>&nbsp;<\/p>\n<p>Los textos se reciben<strong> hasta el 31 de octubre<\/strong> y el jurado, en esta oportunidad, est\u00e1 integrado por la profesora y licenciada en Letras de la Facultad de Filosof\u00eda de la Universidad de Buenos Aires Marta Vasallo; la licenciada en Sociolog\u00eda, doctora en Ciencias Sociales por la Universidad de Buenos Aires y docente Mar\u00eda P\u00eda L\u00f3pez; y la escritora, docente universitaria, investigadora y doctora en Comunicaci\u00f3n por la Universidad Nacional de La Plata Paloma S\u00e1nchez.<\/p>\n<p>&nbsp;<\/p>\n<p>Este concurso ya cuenta con una tradici\u00f3n desde que se inici\u00f3 la gesti\u00f3n del Ministerio de las Mujeres, Pol\u00edticas de G\u00e9nero y Diversidad Sexual de la Provincia, que en el a\u00f1o 2020 y en el marco del Bicentenario de la provincia de Buenos Aires, lanz\u00f3 <strong>la primera convocatoria que recibi\u00f3 81 relatos.<\/strong> La participaci\u00f3n fue muy heterog\u00e9nea y el jurado estuvo compuesto por Claudia Bernazza, Sandra Russo y Adriana \u201cIndi\u201d Valobra.<\/p>\n<p>&nbsp;<\/p>\n<p><strong>El primer libro fue presentado en 2021 y meses despu\u00e9s se abri\u00f3 una convocatoria a la 2\u00b0 Edici\u00f3n de \u201cEllas no fueron contadas\u201d, que recibi\u00f3 m\u00e1s de 500 relatos.<\/strong> Los textos fueron valorados por las juradas Araceli Bellotta, Marta Dillon y Claudia Pi\u00f1eiro, quienes seleccionaron los 15 relatos ganadores que conformaron el libro, ilustrado con obras originales de artistas visuales de la provincia, y que ser\u00e1 presentado en las pr\u00f3ximas semanas.<\/p>\n<p>&nbsp;<\/p>\n<p>\u201cSabemos que lo que no se cuenta, lo que no se nombra, lo que no se escribe, parecer\u00eda que no existe, que no es, que no fue. Y parte de la tarea que nos toca es construir estrategias para que se alcen esas voces, para que se reconozcan esas historias, para que se digan y se cuenten, se escriban y se pinten como protagonismos reales y concretos de historia\u201d detall\u00f3 Estela D\u00edaz.<\/p>\n<p>&nbsp;<\/p>\n<p><a href=\"https:\/\/www2.ministeriodelasmujeres.gba.gob.ar\/concurso_old\/\" target=\"_blank\" rel=\"noopener\">Formulario de inscripci\u00f3n<\/a><\/p>\n<p>&nbsp;<\/p>\n<p><a href=\"https:\/\/ministeriodelasmujeres.gba.gob.ar\/gestor\/uploads\/ELLAS%20BASES%203%20-%2001.09%20FINAL.pdf\" target=\"_blank\" rel=\"noopener\">Bases del concurso<\/a><\/p>\n<p>&nbsp;<\/p>\n<p>Mail de contacto: ellasnofueroncontadas@ministeriodelasmujeres.gba.gob.ar<\/p>\n","protected":false},"excerpt":{"rendered":"<p>Es impulsado por el ministerio de las Mujeres, Pol\u00edticas de G\u00e9nero y Diversidad Sexual bonaerense. Busca incentivar las narrativas feministas.<\/p>\n","protected":false},"author":5,"featured_media":65890,"comment_status":"closed","ping_status":"closed","sticky":false,"template":"","format":"standard","meta":{"_jetpack_memberships_contains_paid_content":false,"footnotes":""},"categories":[3,1],"tags":[],"class_list":["post-65889","post","type-post","status-publish","format-standard","has-post-thumbnail","hentry","category-genero","category-portada"],"jetpack_featured_media_url":"https:\/\/i0.wp.com\/cdnoticias.com\/wp-content\/uploads\/2022\/09\/concurso-ellas.jpg?fit=660%2C396&ssl=1","jetpack_sharing_enabled":true,"_links":{"self":[{"href":"https:\/\/cdnoticias.com\/index.php\/wp-json\/wp\/v2\/posts\/65889","targetHints":{"allow":["GET"]}}],"collection":[{"href":"https:\/\/cdnoticias.com\/index.php\/wp-json\/wp\/v2\/posts"}],"about":[{"href":"https:\/\/cdnoticias.com\/index.php\/wp-json\/wp\/v2\/types\/post"}],"author":[{"embeddable":true,"href":"https:\/\/cdnoticias.com\/index.php\/wp-json\/wp\/v2\/users\/5"}],"replies":[{"embeddable":true,"href":"https:\/\/cdnoticias.com\/index.php\/wp-json\/wp\/v2\/comments?post=65889"}],"version-history":[{"count":0,"href":"https:\/\/cdnoticias.com\/index.php\/wp-json\/wp\/v2\/posts\/65889\/revisions"}],"wp:featuredmedia":[{"embeddable":true,"href":"https:\/\/cdnoticias.com\/index.php\/wp-json\/wp\/v2\/media\/65890"}],"wp:attachment":[{"href":"https:\/\/cdnoticias.com\/index.php\/wp-json\/wp\/v2\/media?parent=65889"}],"wp:term":[{"taxonomy":"category","embeddable":true,"href":"https:\/\/cdnoticias.com\/index.php\/wp-json\/wp\/v2\/categories?post=65889"},{"taxonomy":"post_tag","embeddable":true,"href":"https:\/\/cdnoticias.com\/index.php\/wp-json\/wp\/v2\/tags?post=65889"}],"curies":[{"name":"wp","href":"https:\/\/api.w.org\/{rel}","templated":true}]}}