{"id":65884,"date":"2022-09-28T10:17:45","date_gmt":"2022-09-28T13:17:45","guid":{"rendered":"https:\/\/www.centraldenoticias.com.ar\/?p=65884"},"modified":"2022-09-28T10:17:45","modified_gmt":"2022-09-28T13:17:45","slug":"las-flores-un-camionero-perdio-la-vida-en-un-accidente-en-ruta-3","status":"publish","type":"post","link":"https:\/\/cdnoticias.com\/index.php\/2022\/09\/28\/las-flores-un-camionero-perdio-la-vida-en-un-accidente-en-ruta-3\/","title":{"rendered":"Las Flores: Un camionero perdi\u00f3 la vida en un accidente en ruta 3"},"content":{"rendered":"<p>Ocurri\u00f3 en el kil\u00f3metro 198 de la ruta nacional. El siniestro se produjo \u201cpor alcance\u201d.<!--more--><\/p>\n<hr \/>\n<p>Cerca de las 1 de la madrugada de este mi\u00e9rcoles se produjo un<strong> fatal accidente en el kil\u00f3metro 198 de la ruta 3, en Las Flores.<\/strong><\/p>\n<p>&nbsp;<\/p>\n<p>Seg\u00fan indica <em>Noticias de Azul<\/em>, en la bajada al paraje Plaza Moreno <strong>chocaron dos camiones por alcance<\/strong>, uno de Benito Ju\u00e1rez y otro de una empresa radicada en Monte Grande.<\/p>\n<p>&nbsp;<\/p>\n<p><img data-recalc-dims=\"1\" loading=\"lazy\" decoding=\"async\" class=\"aligncenter size-full wp-image-65886\" src=\"https:\/\/i0.wp.com\/cdnoticias.com\/wp-content\/uploads\/2022\/09\/accidente-lasflores-02.jpg?resize=800%2C577&#038;ssl=1\" alt=\"\" width=\"800\" height=\"577\" srcset=\"https:\/\/i0.wp.com\/cdnoticias.com\/wp-content\/uploads\/2022\/09\/accidente-lasflores-02.jpg?w=1170&amp;ssl=1 1170w, https:\/\/i0.wp.com\/cdnoticias.com\/wp-content\/uploads\/2022\/09\/accidente-lasflores-02.jpg?resize=300%2C216&amp;ssl=1 300w, https:\/\/i0.wp.com\/cdnoticias.com\/wp-content\/uploads\/2022\/09\/accidente-lasflores-02.jpg?resize=1024%2C739&amp;ssl=1 1024w, https:\/\/i0.wp.com\/cdnoticias.com\/wp-content\/uploads\/2022\/09\/accidente-lasflores-02.jpg?resize=768%2C554&amp;ssl=1 768w\" sizes=\"auto, (max-width: 800px) 100vw, 800px\" \/><\/p>\n<p>&nbsp;<\/p>\n<p>Como consecuencia del fuerte impacto, <strong>el ch\u00f3fer de la empresa de Monte Grande falleci\u00f3 en el siniestro.<\/strong> En tanto, personal de ambulancia del SAME traslad\u00f3 a los ocupantes del cami\u00f3n de la empresa de Benito Ju\u00e1rez al Hospital para ser asistidos por el personal de salud.<\/p>\n<p>&nbsp;<\/p>\n<p>Intervinieron para reorganizar el tr\u00e1nsito, efectivos policiales de Vial Las Flores y agentes de peajes \u201cCorredores Viales\u201d.<\/p>\n<p>&nbsp;<\/p>\n<p><em>Fuente: Noticias de Azul.<\/em><\/p>\n","protected":false},"excerpt":{"rendered":"<p>Ocurri\u00f3 en el kil\u00f3metro 198 de la ruta nacional. El siniestro se produjo \u201cpor alcance\u201d.<\/p>\n","protected":false},"author":5,"featured_media":65885,"comment_status":"closed","ping_status":"closed","sticky":false,"template":"","format":"standard","meta":{"_jetpack_memberships_contains_paid_content":false,"footnotes":""},"categories":[6,1],"tags":[],"class_list":["post-65884","post","type-post","status-publish","format-standard","has-post-thumbnail","hentry","category-nacionales","category-portada"],"jetpack_featured_media_url":"https:\/\/i0.wp.com\/cdnoticias.com\/wp-content\/uploads\/2022\/09\/accidente-lasflores-01.jpg?fit=1170%2C977&ssl=1","jetpack_sharing_enabled":true,"_links":{"self":[{"href":"https:\/\/cdnoticias.com\/index.php\/wp-json\/wp\/v2\/posts\/65884","targetHints":{"allow":["GET"]}}],"collection":[{"href":"https:\/\/cdnoticias.com\/index.php\/wp-json\/wp\/v2\/posts"}],"about":[{"href":"https:\/\/cdnoticias.com\/index.php\/wp-json\/wp\/v2\/types\/post"}],"author":[{"embeddable":true,"href":"https:\/\/cdnoticias.com\/index.php\/wp-json\/wp\/v2\/users\/5"}],"replies":[{"embeddable":true,"href":"https:\/\/cdnoticias.com\/index.php\/wp-json\/wp\/v2\/comments?post=65884"}],"version-history":[{"count":0,"href":"https:\/\/cdnoticias.com\/index.php\/wp-json\/wp\/v2\/posts\/65884\/revisions"}],"wp:featuredmedia":[{"embeddable":true,"href":"https:\/\/cdnoticias.com\/index.php\/wp-json\/wp\/v2\/media\/65885"}],"wp:attachment":[{"href":"https:\/\/cdnoticias.com\/index.php\/wp-json\/wp\/v2\/media?parent=65884"}],"wp:term":[{"taxonomy":"category","embeddable":true,"href":"https:\/\/cdnoticias.com\/index.php\/wp-json\/wp\/v2\/categories?post=65884"},{"taxonomy":"post_tag","embeddable":true,"href":"https:\/\/cdnoticias.com\/index.php\/wp-json\/wp\/v2\/tags?post=65884"}],"curies":[{"name":"wp","href":"https:\/\/api.w.org\/{rel}","templated":true}]}}