{"id":65878,"date":"2022-09-28T08:58:49","date_gmt":"2022-09-28T11:58:49","guid":{"rendered":"https:\/\/www.centraldenoticias.com.ar\/?p=65878"},"modified":"2022-09-28T12:04:15","modified_gmt":"2022-09-28T15:04:15","slug":"acampe-en-la-plaza-central-este-miercoles-por-la-tarde-habra-una-nueva-asamblea","status":"publish","type":"post","link":"https:\/\/cdnoticias.com\/index.php\/2022\/09\/28\/acampe-en-la-plaza-central-este-miercoles-por-la-tarde-habra-una-nueva-asamblea\/","title":{"rendered":"Acampe en la Plaza Central: Este mi\u00e9rcoles por la tarde habr\u00e1 una nueva asamblea"},"content":{"rendered":"<p>La medida es impulsada desde el Frente de Organizaciones en Lucha en consonancia con el reclamo llevado a nivel nacional. Protestan contra las \u201cpol\u00edticas de ajuste\u201d y piden \u201ctrabajo genuino\u201d. Durante la jornada decidir\u00e1n la continuidad o no del acampe.<!--more--><\/p>\n<hr \/>\n<p>Tras el<a href=\"https:\/\/cdnoticias.com\/index.php\/2022\/09\/27\/feriazo-de-la-unidad-piquetera-en-olavarria\/\" target=\"_blank\" rel=\"noopener\"> \u201cferiazo\u201d concretado durante la jornada del martes<\/a>, integrantes del <strong>Frente de Organizaciones en Lucha (FOL)<\/strong> decidieron prolongar la protesta y realizar un acampe en la Plaza Central en consonancia con medidas similares tomadas a nivel nacional.<\/p>\n<p>&nbsp;<\/p>\n<p>El martes, Lorena del FOL local en di\u00e1logo con <em>Central de Noticias<\/em> anticip\u00f3 que \u201cbuscamos hacernos visibles como forma de reclamo, exponiendo como un feriazo de las unidades productivas que funcionan desde nuestra agrupaci\u00f3n\u201d.<\/p>\n<p>&nbsp;<\/p>\n<p>Adem\u00e1s, resalt\u00f3 que \u201cdesde nuestro espacio hacemos asambleas barriales\u201d y con ello destac\u00f3 que \u201c<strong>sabemos desde adentro la problem\u00e1tica en cada barrio y ah\u00ed vemos que al trabajo social le falta un lado humano\u201d.<\/strong><\/p>\n<p>&nbsp;<\/p>\n<p><img data-recalc-dims=\"1\" loading=\"lazy\" decoding=\"async\" class=\"aligncenter size-full wp-image-65834\" src=\"https:\/\/i0.wp.com\/cdnoticias.com\/wp-content\/uploads\/2022\/09\/manifestacion-unidad-piquetera-03.jpg?resize=800%2C445&#038;ssl=1\" alt=\"\" width=\"800\" height=\"445\" srcset=\"https:\/\/i0.wp.com\/cdnoticias.com\/wp-content\/uploads\/2022\/09\/manifestacion-unidad-piquetera-03.jpg?w=800&amp;ssl=1 800w, https:\/\/i0.wp.com\/cdnoticias.com\/wp-content\/uploads\/2022\/09\/manifestacion-unidad-piquetera-03.jpg?resize=300%2C167&amp;ssl=1 300w, https:\/\/i0.wp.com\/cdnoticias.com\/wp-content\/uploads\/2022\/09\/manifestacion-unidad-piquetera-03.jpg?resize=768%2C427&amp;ssl=1 768w\" sizes=\"auto, (max-width: 800px) 100vw, 800px\" \/><\/p>\n<p>&nbsp;<\/p>\n<p>Paula, del Polo Obrero, indic\u00f3 que se <strong>reiteraron los reclamos que ya se han presentado previamente.<\/strong> \u201cNos movilizamos como siempre por las reivindicaciones y necesidades urgentes del sector m\u00e1s golpeado, el de los trabajadores\u201d y con ello repas\u00f3 los pedidos que se han planteado.<\/p>\n<p>&nbsp;<\/p>\n<p>Luego de esta actividad, se resolvi\u00f3 en asamblea permanecer en la plaza y<strong> realizar un acampe para profundizar la protesta.<\/strong><\/p>\n<p>&nbsp;<\/p>\n<blockquote><p>Seg\u00fan se inform\u00f3, la presencia en el sector se extender\u00e1 en principio hasta este mi\u00e9rcoles a las 18 cuando se realizar\u00e1 una nueva asamblea y se decidir\u00e1n los pasos a seguir.<\/p><\/blockquote>\n<p>&nbsp;<\/p>\n<p><img data-recalc-dims=\"1\" loading=\"lazy\" decoding=\"async\" class=\"aligncenter size-full wp-image-65881\" src=\"https:\/\/i0.wp.com\/cdnoticias.com\/wp-content\/uploads\/2022\/09\/acampe-unidad-piquetera02.jpg?resize=800%2C795&#038;ssl=1\" alt=\"\" width=\"800\" height=\"795\" srcset=\"https:\/\/i0.wp.com\/cdnoticias.com\/wp-content\/uploads\/2022\/09\/acampe-unidad-piquetera02.jpg?w=960&amp;ssl=1 960w, https:\/\/i0.wp.com\/cdnoticias.com\/wp-content\/uploads\/2022\/09\/acampe-unidad-piquetera02.jpg?resize=300%2C298&amp;ssl=1 300w, https:\/\/i0.wp.com\/cdnoticias.com\/wp-content\/uploads\/2022\/09\/acampe-unidad-piquetera02.jpg?resize=150%2C150&amp;ssl=1 150w, https:\/\/i0.wp.com\/cdnoticias.com\/wp-content\/uploads\/2022\/09\/acampe-unidad-piquetera02.jpg?resize=768%2C763&amp;ssl=1 768w\" sizes=\"auto, (max-width: 800px) 100vw, 800px\" \/><\/p>\n<p>&nbsp;<\/p>\n<p><strong>Los reclamos que expresaron fueron:<\/strong><\/p>\n<p>-Trabajo genuino<\/p>\n<p>-Duplicaci\u00f3n de la tarjeta alimentar cabal, que tengan acceso todas las personas y ampl\u00eden la compra de productos con la misma.<\/p>\n<p>-Subsidio en alquileres de $ 10.000.<\/p>\n<p>-Materiales para mejorar y\/o ampliar nuestras viviendas.<\/p>\n<p>-Subsidio del boleto para aquellos que no tienen beneficios, ampliaci\u00f3n de los recorridos y horarios.<\/p>\n<p>-Condici\u00f3n N1 en el Carnet Hospitalario, mejoras en el servicio de turnos, en la atenci\u00f3n de salas y territoriales, y extensi\u00f3n de horarios de atenci\u00f3n.<\/p>\n<p>-Construcci\u00f3n de un espacio para mujeres y sus hijas\/OS, que sufren violencia de g\u00e9nero, donde puedan quedarse por un tiempo y tengan la contenci\u00f3n necesaria.<\/p>\n<p>-Planificaci\u00f3n y construcci\u00f3n de barrios populares, con una forma de pago accesible a nuestra econom\u00eda.<\/p>\n<p>&nbsp;<\/p>\n","protected":false},"excerpt":{"rendered":"<p>La medida es impulsada desde el Frente de Organizaciones en Lucha en consonancia con el reclamo llevado a nivel nacional.<\/p>\n","protected":false},"author":5,"featured_media":65880,"comment_status":"closed","ping_status":"closed","sticky":false,"template":"","format":"standard","meta":{"_jetpack_memberships_contains_paid_content":false,"footnotes":""},"categories":[4,1],"tags":[],"class_list":["post-65878","post","type-post","status-publish","format-standard","has-post-thumbnail","hentry","category-politica","category-portada"],"jetpack_featured_media_url":"https:\/\/i0.wp.com\/cdnoticias.com\/wp-content\/uploads\/2022\/09\/acampe-unidad-piquetera01.jpg?fit=960%2C390&ssl=1","jetpack_sharing_enabled":true,"_links":{"self":[{"href":"https:\/\/cdnoticias.com\/index.php\/wp-json\/wp\/v2\/posts\/65878","targetHints":{"allow":["GET"]}}],"collection":[{"href":"https:\/\/cdnoticias.com\/index.php\/wp-json\/wp\/v2\/posts"}],"about":[{"href":"https:\/\/cdnoticias.com\/index.php\/wp-json\/wp\/v2\/types\/post"}],"author":[{"embeddable":true,"href":"https:\/\/cdnoticias.com\/index.php\/wp-json\/wp\/v2\/users\/5"}],"replies":[{"embeddable":true,"href":"https:\/\/cdnoticias.com\/index.php\/wp-json\/wp\/v2\/comments?post=65878"}],"version-history":[{"count":0,"href":"https:\/\/cdnoticias.com\/index.php\/wp-json\/wp\/v2\/posts\/65878\/revisions"}],"wp:featuredmedia":[{"embeddable":true,"href":"https:\/\/cdnoticias.com\/index.php\/wp-json\/wp\/v2\/media\/65880"}],"wp:attachment":[{"href":"https:\/\/cdnoticias.com\/index.php\/wp-json\/wp\/v2\/media?parent=65878"}],"wp:term":[{"taxonomy":"category","embeddable":true,"href":"https:\/\/cdnoticias.com\/index.php\/wp-json\/wp\/v2\/categories?post=65878"},{"taxonomy":"post_tag","embeddable":true,"href":"https:\/\/cdnoticias.com\/index.php\/wp-json\/wp\/v2\/tags?post=65878"}],"curies":[{"name":"wp","href":"https:\/\/api.w.org\/{rel}","templated":true}]}}