{"id":65864,"date":"2022-09-27T20:30:08","date_gmt":"2022-09-27T23:30:08","guid":{"rendered":"https:\/\/www.centraldenoticias.com.ar\/?p=65864"},"modified":"2022-09-27T20:30:08","modified_gmt":"2022-09-27T23:30:08","slug":"el-municipio-construira-dos-aulas-nuevas-en-la-escuela-secundaria-no-1","status":"publish","type":"post","link":"https:\/\/cdnoticias.com\/index.php\/2022\/09\/27\/el-municipio-construira-dos-aulas-nuevas-en-la-escuela-secundaria-no-1\/","title":{"rendered":"El Municipio construir\u00e1 dos aulas nuevas en la Escuela Secundaria N\u00ba 1"},"content":{"rendered":"<p>La empresa Pecma S.R.L. cotiz\u00f3 la suma de $4.956.000. <!--more--><\/p>\n<hr \/>\n<p>En la ma\u00f1ana de este martes se llev\u00f3 a cabo la apertura de la licitaci\u00f3n para llevar adelante las<strong> obras de construcci\u00f3n de dos nuevas aulas en planta alta de la Escuela Secundaria N\u00ba \u00ba \u201cJorge Luis Borges\u201d<\/strong>, ubicada en el barrio Bancario.<\/p>\n<p>&nbsp;<\/p>\n<p>Para la realizaci\u00f3n de las aulas ubicadas sobre la terraza que da al patio de la misma escuela, se extender\u00e1 el semicubierto existente, para completar el cierre del techo de las futuras aulas, hasta el frente de las aulas de la planta baja.<\/p>\n<p>&nbsp;<\/p>\n<p>Esto implicar\u00e1 el retiro de las carpinter\u00edas met\u00e1licas existentes, para ser reformadas, reparadas y re ubicadas, as\u00ed como la ventana de la oficina lindera a la terraza que se ubicar\u00e1 en el frente hacia el patio. El piso existente se conservar\u00e1 tal cual se encuentra, durante la obra se deber\u00e1 pulir para una mejor terminaci\u00f3n.<\/p>\n<p>&nbsp;<\/p>\n<p>Las tareas comprenden adem\u00e1s la colocaci\u00f3n de puertas, cerramientos, divisiones, cielorrasos (en placas de yeso), instalaci\u00f3n el\u00e9ctrica y de gas nueva, colocaci\u00f3n de artefactos, calefactores con sus respectivas ventilaciones y tomas, puntos y artefactos de luz en correcto funcionamiento.<\/p>\n<p>&nbsp;<\/p>\n<p>La apertura de sobres de la licitaci\u00f3n se llev\u00f3 a cabo en el Palacio San Mart\u00edn y fue encabezada por la directora de Licitaciones Pilar Ciardelli. En la oportunidad, <strong>la empresa Pecma S.R.L. cotiz\u00f3 la suma de $4.956.000 para la ejecuci\u00f3n de los trabajos de construcci\u00f3n de nuevas aulas.<\/strong><\/p>\n","protected":false},"excerpt":{"rendered":"<p>La empresa Pecma S.R.L. cotiz\u00f3 la suma de $4.956.000.<\/p>\n","protected":false},"author":6,"featured_media":65865,"comment_status":"closed","ping_status":"closed","sticky":false,"template":"","format":"standard","meta":{"_jetpack_memberships_contains_paid_content":false,"footnotes":""},"categories":[5,1],"tags":[],"class_list":["post-65864","post","type-post","status-publish","format-standard","has-post-thumbnail","hentry","category-informacion-general","category-portada"],"jetpack_featured_media_url":"https:\/\/i0.wp.com\/cdnoticias.com\/wp-content\/uploads\/2022\/09\/Licitacion-Construccion-Aulas-Secundaria-No-1-1024x683-1.jpg?fit=1024%2C683&ssl=1","jetpack_sharing_enabled":true,"_links":{"self":[{"href":"https:\/\/cdnoticias.com\/index.php\/wp-json\/wp\/v2\/posts\/65864","targetHints":{"allow":["GET"]}}],"collection":[{"href":"https:\/\/cdnoticias.com\/index.php\/wp-json\/wp\/v2\/posts"}],"about":[{"href":"https:\/\/cdnoticias.com\/index.php\/wp-json\/wp\/v2\/types\/post"}],"author":[{"embeddable":true,"href":"https:\/\/cdnoticias.com\/index.php\/wp-json\/wp\/v2\/users\/6"}],"replies":[{"embeddable":true,"href":"https:\/\/cdnoticias.com\/index.php\/wp-json\/wp\/v2\/comments?post=65864"}],"version-history":[{"count":0,"href":"https:\/\/cdnoticias.com\/index.php\/wp-json\/wp\/v2\/posts\/65864\/revisions"}],"wp:featuredmedia":[{"embeddable":true,"href":"https:\/\/cdnoticias.com\/index.php\/wp-json\/wp\/v2\/media\/65865"}],"wp:attachment":[{"href":"https:\/\/cdnoticias.com\/index.php\/wp-json\/wp\/v2\/media?parent=65864"}],"wp:term":[{"taxonomy":"category","embeddable":true,"href":"https:\/\/cdnoticias.com\/index.php\/wp-json\/wp\/v2\/categories?post=65864"},{"taxonomy":"post_tag","embeddable":true,"href":"https:\/\/cdnoticias.com\/index.php\/wp-json\/wp\/v2\/tags?post=65864"}],"curies":[{"name":"wp","href":"https:\/\/api.w.org\/{rel}","templated":true}]}}