{"id":65837,"date":"2022-09-27T15:35:14","date_gmt":"2022-09-27T18:35:14","guid":{"rendered":"https:\/\/www.centraldenoticias.com.ar\/?p=65837"},"modified":"2022-09-27T17:42:10","modified_gmt":"2022-09-27T20:42:10","slug":"feriazo-de-la-unidad-piquetera-en-olavarria","status":"publish","type":"post","link":"https:\/\/cdnoticias.com\/index.php\/2022\/09\/27\/feriazo-de-la-unidad-piquetera-en-olavarria\/","title":{"rendered":"\u201cFeriazo\u201d de la Unidad Piquetera en Olavarr\u00eda"},"content":{"rendered":"<p>La concentraci\u00f3n comenz\u00f3 hacia las 10 en el Paseo Mend\u00eda, hasta donde llegaron integrantes del Polo Obrero y del Frente de Organizaciones en Lucha (FOL).<!--more--><\/p>\n<hr \/>\n<p><strong>Este martes se llev\u00f3 adelante una nueva manifestaci\u00f3n de la Unidad Piquetera en Olavarr\u00eda<\/strong>. La concentraci\u00f3n comenz\u00f3 hacia las 10 en el Paseo Mend\u00eda, hasta donde llegaron integrantes del<strong> Polo Obrero y del Frente de Organizaciones en Lucha (FOL)<\/strong>.<\/p>\n<p>&nbsp;<\/p>\n<p><strong>Central de Noticias<\/strong> estuvo en el lugar y habl\u00f3 con referentes de ambas agrupaciones. <strong>Se hab\u00eda montado una feria en el sector, donde ofrecieron sus productos las unidades productivas<\/strong>.<\/p>\n<p>&nbsp;<\/p>\n<p><strong>Lorena, del FOL<\/strong>, cont\u00f3 que <strong>\u201cbuscamos hacernos visibles como forma de reclamo, exponiendo como un feriazo de las unidades productivas que funcionan desde nuestra agrupaci\u00f3n\u201d<\/strong>. Se presentaron emprendimientos de textil, tejido, carpinter\u00eda, soldaduras y m\u00e1s,<\/p>\n<p>&nbsp;<\/p>\n<blockquote class=\"instagram-media\" style=\"background: #FFF; border: 0; border-radius: 3px; box-shadow: 0 0 1px 0 rgba(0,0,0,0.5),0 1px 10px 0 rgba(0,0,0,0.15); margin: 1px; max-width: 540px; min-width: 326px; padding: 0; width: calc(100% - 2px);\" data-instgrm-captioned=\"\" data-instgrm-permalink=\"https:\/\/www.instagram.com\/reel\/CjA_Ozbg4Yq\/?utm_source=ig_embed&amp;utm_campaign=loading\" data-instgrm-version=\"14\">\n<div style=\"padding: 16px;\">\n<p>&nbsp;<\/p>\n<div style=\"display: flex; flex-direction: row; align-items: center;\">\n<div style=\"background-color: #f4f4f4; border-radius: 50%; flex-grow: 0; height: 40px; margin-right: 14px; width: 40px;\"><\/div>\n<div style=\"display: flex; flex-direction: column; flex-grow: 1; justify-content: center;\">\n<div style=\"background-color: #f4f4f4; border-radius: 4px; flex-grow: 0; height: 14px; margin-bottom: 6px; width: 100px;\"><\/div>\n<div style=\"background-color: #f4f4f4; border-radius: 4px; flex-grow: 0; height: 14px; width: 60px;\"><\/div>\n<\/div>\n<\/div>\n<div style=\"padding: 19% 0;\"><\/div>\n<div style=\"display: block; height: 50px; margin: 0 auto 12px; width: 50px;\"><\/div>\n<div style=\"padding-top: 8px;\">\n<div style=\"color: #3897f0; font-family: Arial,sans-serif; font-size: 14px; font-style: normal; font-weight: 550; line-height: 18px;\">Ver esta publicaci\u00f3n en Instagram<\/div>\n<\/div>\n<div style=\"padding: 12.5% 0;\"><\/div>\n<div style=\"display: flex; flex-direction: row; margin-bottom: 14px; align-items: center;\">\n<div>\n<div style=\"background-color: #f4f4f4; border-radius: 50%; height: 12.5px; width: 12.5px; transform: translateX(0px) translateY(7px);\"><\/div>\n<div style=\"background-color: #f4f4f4; height: 12.5px; transform: rotate(-45deg) translateX(3px) translateY(1px); width: 12.5px; flex-grow: 0; margin-right: 14px; margin-left: 2px;\"><\/div>\n<div style=\"background-color: #f4f4f4; border-radius: 50%; height: 12.5px; width: 12.5px; transform: translateX(9px) translateY(-18px);\"><\/div>\n<\/div>\n<div style=\"margin-left: 8px;\">\n<div style=\"background-color: #f4f4f4; border-radius: 50%; flex-grow: 0; height: 20px; width: 20px;\"><\/div>\n<div style=\"width: 0; height: 0; border-top: 2px solid transparent; border-left: 6px solid #f4f4f4; border-bottom: 2px solid transparent; transform: translateX(16px) translateY(-4px) rotate(30deg);\"><\/div>\n<\/div>\n<div style=\"margin-left: auto;\">\n<div style=\"width: 0px; border-top: 8px solid #F4F4F4; border-right: 8px solid transparent; transform: translateY(16px);\"><\/div>\n<div style=\"background-color: #f4f4f4; flex-grow: 0; height: 12px; width: 16px; transform: translateY(-4px);\"><\/div>\n<div style=\"width: 0; height: 0; border-top: 8px solid #F4F4F4; border-left: 8px solid transparent; transform: translateY(-4px) translateX(8px);\"><\/div>\n<\/div>\n<\/div>\n<div style=\"display: flex; flex-direction: column; flex-grow: 1; justify-content: center; margin-bottom: 24px;\">\n<div style=\"background-color: #f4f4f4; border-radius: 4px; flex-grow: 0; height: 14px; margin-bottom: 6px; width: 224px;\"><\/div>\n<div style=\"background-color: #f4f4f4; border-radius: 4px; flex-grow: 0; height: 14px; width: 144px;\"><\/div>\n<\/div>\n<p>&nbsp;<\/p>\n<p style=\"color: #c9c8cd; font-family: Arial,sans-serif; font-size: 14px; line-height: 17px; margin-bottom: 0; margin-top: 8px; overflow: hidden; padding: 8px 0 7px; text-align: center; text-overflow: ellipsis; white-space: nowrap;\"><a style=\"color: #c9c8cd; font-family: Arial,sans-serif; font-size: 14px; font-style: normal; font-weight: normal; line-height: 17px; text-decoration: none;\" href=\"https:\/\/www.instagram.com\/reel\/CjA_Ozbg4Yq\/?utm_source=ig_embed&amp;utm_campaign=loading\" target=\"_blank\" rel=\"noopener\">Una publicaci\u00f3n compartida por Central de Noticias Olavarr\u00eda (@cdnolavarria)<\/a><\/p>\n<\/div>\n<\/blockquote>\n<p><script async src=\"\/\/www.instagram.com\/embed.js\"><\/script><\/p>\n<p>&nbsp;<\/p>\n<p><strong>Paula, del Polo Obrero<\/strong>, indic\u00f3 que se reiteraron este martes los reclamos que ya se han presentado previamente. <strong>\u201cNos movilizamos como siempre por las reivindicaciones y necesidades urgentes del sector m\u00e1s golpeado, el de los trabajadores\u201d<\/strong> y con ello repas\u00f3 los pedidos que se han planteado.<\/p>\n<p>&nbsp;<\/p>\n<p>En tanto, cabe recordar que <a href=\"https:\/\/cdnoticias.com\/index.php\/2022\/08\/25\/frente-al-municipio-pidieron-alimentos-viviendas-y-contencion-en-casos-de-violencia-de-genero\/\" target=\"_blank\" rel=\"noopener\">semanas atr\u00e1s fueron recibidos por el secretario de Desarrollo Humano, Diego Robbiani<\/a>. <strong>\u201cEn regla general no cambi\u00f3 nada. Se logr\u00f3 podr\u00edamos decir una m\u00ednima parte que lo que es salud, algunos carnet con condici\u00f3n 1\u201d<\/strong> respondi\u00f3 sobre las respuestas logradas.<\/p>\n<p>&nbsp;<\/p>\n<p><img data-recalc-dims=\"1\" loading=\"lazy\" decoding=\"async\" class=\"size-full wp-image-65831 aligncenter\" src=\"https:\/\/i0.wp.com\/cdnoticias.com\/wp-content\/uploads\/2022\/09\/manifestacion-unidad-piquetera-00-1.jpg?resize=800%2C445&#038;ssl=1\" alt=\"\" width=\"800\" height=\"445\" srcset=\"https:\/\/i0.wp.com\/cdnoticias.com\/wp-content\/uploads\/2022\/09\/manifestacion-unidad-piquetera-00-1.jpg?w=800&amp;ssl=1 800w, https:\/\/i0.wp.com\/cdnoticias.com\/wp-content\/uploads\/2022\/09\/manifestacion-unidad-piquetera-00-1.jpg?resize=300%2C167&amp;ssl=1 300w, https:\/\/i0.wp.com\/cdnoticias.com\/wp-content\/uploads\/2022\/09\/manifestacion-unidad-piquetera-00-1.jpg?resize=768%2C427&amp;ssl=1 768w\" sizes=\"auto, (max-width: 800px) 100vw, 800px\" \/><\/p>\n<p>&nbsp;<\/p>\n<p>Aclar\u00f3 que el resto de los temas planteados al secretario municipal, fueron derivados para su tratamiento en \u00e1reas espec\u00edficas. \u201cDe todas maneras <strong>seguimos trabajando en esto y estamos como Unidad Piquetera trabajando mano a mano<\/strong> mancomunados y muy comprometidos\u201d indic\u00f3.<\/p>\n<p>&nbsp;<\/p>\n<p>Lorena a\u00f1adi\u00f3 que \u201cdesde nuestro espacio hacemos asambleas barriales\u201d y con ello destac\u00f3 que <strong>\u201csabemos desde adentro la problem\u00e1tica en cada barrio y ah\u00ed vemos que al trabajo social le falta un lado humano\u201d<\/strong>.<\/p>\n<p>&nbsp;<\/p>\n<p><img data-recalc-dims=\"1\" loading=\"lazy\" decoding=\"async\" class=\"size-full wp-image-65832 aligncenter\" src=\"https:\/\/i0.wp.com\/cdnoticias.com\/wp-content\/uploads\/2022\/09\/manifestacion-unidad-piquetera-01.jpg?resize=800%2C445&#038;ssl=1\" alt=\"\" width=\"800\" height=\"445\" srcset=\"https:\/\/i0.wp.com\/cdnoticias.com\/wp-content\/uploads\/2022\/09\/manifestacion-unidad-piquetera-01.jpg?w=800&amp;ssl=1 800w, https:\/\/i0.wp.com\/cdnoticias.com\/wp-content\/uploads\/2022\/09\/manifestacion-unidad-piquetera-01.jpg?resize=300%2C167&amp;ssl=1 300w, https:\/\/i0.wp.com\/cdnoticias.com\/wp-content\/uploads\/2022\/09\/manifestacion-unidad-piquetera-01.jpg?resize=768%2C427&amp;ssl=1 768w\" sizes=\"auto, (max-width: 800px) 100vw, 800px\" \/><\/p>\n<p>&nbsp;<\/p>\n<p><strong>Las actividades en el Paseo Mend\u00eda se mantendr\u00e1n hasta las 18 aproximadamente<\/strong>. All\u00ed est\u00e1 prevista la realizaci\u00f3n de una asamblea.<\/p>\n<p>&nbsp;<\/p>\n<p><strong>La manifestaci\u00f3n de la Unidad Piquetera<\/strong><\/p>\n<p>&nbsp;<\/p>\n<p>La actividad que se llev\u00f3 adelante en Olavarr\u00eda tiene car\u00e1cter nacional. <strong>\u201cAnte el agravamiento de la crisis social y econ\u00f3mica<\/strong> y la profundizaci\u00f3n del ajuste fondomonetarista, del gobierno Nacional, la Unidad Piquetera resolvi\u00f3 en Plenario Nacional continuar con el plan de lucha ante el ajuste\u201d se present\u00f3.<\/p>\n<p>&nbsp;<\/p>\n<p>Demandaron \u201cbasta de empobrecernos\u201d para plantear que \u201csomos trabajadoras y trabajadores, lxs cu\u00e1les recibimos un Potenciar Trabajo, y aparte de eso hacemos trabajos independientes, changas, todo en negro. Hoy, nos encontramos con <strong>un salario muy por debajo del salario m\u00ednimo de la canasta b\u00e1sica\u201d<\/strong>.<\/p>\n<p>&nbsp;<\/p>\n<p><img data-recalc-dims=\"1\" loading=\"lazy\" decoding=\"async\" class=\"size-full wp-image-65833 aligncenter\" src=\"https:\/\/i0.wp.com\/cdnoticias.com\/wp-content\/uploads\/2022\/09\/manifestacion-unidad-piquetera-02.jpg?resize=800%2C445&#038;ssl=1\" alt=\"\" width=\"800\" height=\"445\" srcset=\"https:\/\/i0.wp.com\/cdnoticias.com\/wp-content\/uploads\/2022\/09\/manifestacion-unidad-piquetera-02.jpg?w=800&amp;ssl=1 800w, https:\/\/i0.wp.com\/cdnoticias.com\/wp-content\/uploads\/2022\/09\/manifestacion-unidad-piquetera-02.jpg?resize=300%2C167&amp;ssl=1 300w, https:\/\/i0.wp.com\/cdnoticias.com\/wp-content\/uploads\/2022\/09\/manifestacion-unidad-piquetera-02.jpg?resize=768%2C427&amp;ssl=1 768w\" sizes=\"auto, (max-width: 800px) 100vw, 800px\" \/><\/p>\n<p>&nbsp;<\/p>\n<p><strong>Los reclamos que expresaron fueron:<\/strong><\/p>\n<p>&nbsp;<\/p>\n<ul>\n<li>Trabajo genuino<\/li>\n<li>Duplicaci\u00f3n de la tarjeta alimentar cabal, que tengan acceso todas las personas y ampl\u00eden la compra de productos con la misma.<\/li>\n<li>Subsidio en alquileres de $ 10.000.<\/li>\n<li>Materiales para mejorar y\/o ampliar nuestras viviendas.<\/li>\n<li>Subsidio del boleto para aquellos que no tienen beneficios, ampliaci\u00f3n de los recorridos y horarios.<\/li>\n<li>Condici\u00f3n N1 en el Carnet Hospitalario, mejoras en el servicio de turnos, en la atenci\u00f3n de salas y territoriales, y extensi\u00f3n de horarios de atenci\u00f3n.<\/li>\n<li>Construcci\u00f3n de un espacio para mujeres y sus hijas\/OS, que sufren violencia de g\u00e9nero, donde puedan quedarse por un tiempo y tengan la contenci\u00f3n necesaria.<\/li>\n<li>Planificaci\u00f3n y construcci\u00f3n de barrios populares, con una forma de pago accesible a nuestra econom\u00eda.<\/li>\n<\/ul>\n<p>&nbsp;<\/p>\n","protected":false},"excerpt":{"rendered":"<p>La concentraci\u00f3n comenz\u00f3 hacia las 10 en el Paseo Mend\u00eda, hasta donde llegaron integrantes del Polo Obrero y del Frente<\/p>\n","protected":false},"author":4,"featured_media":65834,"comment_status":"closed","ping_status":"closed","sticky":false,"template":"","format":"standard","meta":{"_jetpack_memberships_contains_paid_content":false,"footnotes":""},"categories":[4,1],"tags":[],"class_list":["post-65837","post","type-post","status-publish","format-standard","has-post-thumbnail","hentry","category-politica","category-portada"],"jetpack_featured_media_url":"https:\/\/i0.wp.com\/cdnoticias.com\/wp-content\/uploads\/2022\/09\/manifestacion-unidad-piquetera-03.jpg?fit=800%2C445&ssl=1","jetpack_sharing_enabled":true,"_links":{"self":[{"href":"https:\/\/cdnoticias.com\/index.php\/wp-json\/wp\/v2\/posts\/65837","targetHints":{"allow":["GET"]}}],"collection":[{"href":"https:\/\/cdnoticias.com\/index.php\/wp-json\/wp\/v2\/posts"}],"about":[{"href":"https:\/\/cdnoticias.com\/index.php\/wp-json\/wp\/v2\/types\/post"}],"author":[{"embeddable":true,"href":"https:\/\/cdnoticias.com\/index.php\/wp-json\/wp\/v2\/users\/4"}],"replies":[{"embeddable":true,"href":"https:\/\/cdnoticias.com\/index.php\/wp-json\/wp\/v2\/comments?post=65837"}],"version-history":[{"count":0,"href":"https:\/\/cdnoticias.com\/index.php\/wp-json\/wp\/v2\/posts\/65837\/revisions"}],"wp:featuredmedia":[{"embeddable":true,"href":"https:\/\/cdnoticias.com\/index.php\/wp-json\/wp\/v2\/media\/65834"}],"wp:attachment":[{"href":"https:\/\/cdnoticias.com\/index.php\/wp-json\/wp\/v2\/media?parent=65837"}],"wp:term":[{"taxonomy":"category","embeddable":true,"href":"https:\/\/cdnoticias.com\/index.php\/wp-json\/wp\/v2\/categories?post=65837"},{"taxonomy":"post_tag","embeddable":true,"href":"https:\/\/cdnoticias.com\/index.php\/wp-json\/wp\/v2\/tags?post=65837"}],"curies":[{"name":"wp","href":"https:\/\/api.w.org\/{rel}","templated":true}]}}