{"id":65827,"date":"2022-09-27T14:15:43","date_gmt":"2022-09-27T17:15:43","guid":{"rendered":"https:\/\/www.centraldenoticias.com.ar\/?p=65827"},"modified":"2022-09-27T14:15:43","modified_gmt":"2022-09-27T17:15:43","slug":"el-juez-bionda-brindara-una-conferencia-en-el-ceco","status":"publish","type":"post","link":"https:\/\/cdnoticias.com\/index.php\/2022\/09\/27\/el-juez-bionda-brindara-una-conferencia-en-el-ceco\/","title":{"rendered":"El juez Bionda brindar\u00e1 una conferencia en el CECO"},"content":{"rendered":"<p>\u201cEl impacto de la tecnolog\u00eda en la vida cotidiana\u201d ser\u00e1 el tema de exposici\u00f3n del titular del Juzgado Civil y Comercial N\u00ba2 de Azul.<!--more--><\/p>\n<hr \/>\n<p><strong>\u201cEl impacto de la tecnolog\u00eda en la vida cotidiana. Perspectiva y prospectiva\u201d<\/strong> ser\u00e1 el objeto de la exposici\u00f3n, que es organizada por el gremio mercantil, en el marco del Mes del Empleado de Comercio. Estar\u00e1 a cargo del <strong>juez Rodrigo Bionda, titular del Juzgado Civil y Comercial N\u00ba2 de la ciudad de Azul<\/strong>, docente de grado y postgrado, investigador y autor.<\/p>\n<p>&nbsp;<\/p>\n<p>La actividad se realizar\u00e1 <strong>el mi\u00e9rcoles 28 de septiembre las 19 horas<\/strong> en el sal\u00f3n del segundo piso del Centro de Empleados de Comercio CECO, Coronel Su\u00e1rez 2752.<\/p>\n<p>&nbsp;<\/p>\n<p>El Dr. Rodrigo Bionda participa en la Asamblea General de Naciones Unidas en la elaboraci\u00f3n de una Convenci\u00f3n Internacional sobre la Lucha contra el Uso de las Tecnolog\u00edas de la Informaci\u00f3n y de las Comunicaciones con Fines Delictivos de la ONU.<\/p>\n<p>&nbsp;<\/p>\n<p>La charla est\u00e1 organizada para <strong>intercambiar con los empleados y empleadas de comercio, los sindicatos, las sociedades de fomento, colegios de profesionales y dem\u00e1s miembros de la comunidad<\/strong>, el avance de la tecnolog\u00eda en la vida cotidiana, el uso de la comunicaci\u00f3n y los sistemas inform\u00e1ticos en el futuro.<\/p>\n<p>&nbsp;<\/p>\n<p>Se expondr\u00e1 sobre los cambios de lo anal\u00f3gico a lo digital, las diferencias generacionales, las nuevas formas de la intimidad y como la jurisdicci\u00f3n interviene en situaciones que implican globalidad, entre otras cuestiones.<\/p>\n<p>&nbsp;<\/p>\n","protected":false},"excerpt":{"rendered":"<p>\u201cEl impacto de la tecnolog\u00eda en la vida cotidiana\u201d ser\u00e1 el tema de exposici\u00f3n del titular del Juzgado Civil y<\/p>\n","protected":false},"author":4,"featured_media":1608,"comment_status":"closed","ping_status":"closed","sticky":false,"template":"","format":"standard","meta":{"_jetpack_memberships_contains_paid_content":false,"footnotes":""},"categories":[5,1],"tags":[],"class_list":["post-65827","post","type-post","status-publish","format-standard","has-post-thumbnail","hentry","category-informacion-general","category-portada"],"jetpack_featured_media_url":"https:\/\/i0.wp.com\/cdnoticias.com\/wp-content\/uploads\/2020\/09\/CECO2.jpg?fit=799%2C449&ssl=1","jetpack_sharing_enabled":true,"_links":{"self":[{"href":"https:\/\/cdnoticias.com\/index.php\/wp-json\/wp\/v2\/posts\/65827","targetHints":{"allow":["GET"]}}],"collection":[{"href":"https:\/\/cdnoticias.com\/index.php\/wp-json\/wp\/v2\/posts"}],"about":[{"href":"https:\/\/cdnoticias.com\/index.php\/wp-json\/wp\/v2\/types\/post"}],"author":[{"embeddable":true,"href":"https:\/\/cdnoticias.com\/index.php\/wp-json\/wp\/v2\/users\/4"}],"replies":[{"embeddable":true,"href":"https:\/\/cdnoticias.com\/index.php\/wp-json\/wp\/v2\/comments?post=65827"}],"version-history":[{"count":0,"href":"https:\/\/cdnoticias.com\/index.php\/wp-json\/wp\/v2\/posts\/65827\/revisions"}],"wp:featuredmedia":[{"embeddable":true,"href":"https:\/\/cdnoticias.com\/index.php\/wp-json\/wp\/v2\/media\/1608"}],"wp:attachment":[{"href":"https:\/\/cdnoticias.com\/index.php\/wp-json\/wp\/v2\/media?parent=65827"}],"wp:term":[{"taxonomy":"category","embeddable":true,"href":"https:\/\/cdnoticias.com\/index.php\/wp-json\/wp\/v2\/categories?post=65827"},{"taxonomy":"post_tag","embeddable":true,"href":"https:\/\/cdnoticias.com\/index.php\/wp-json\/wp\/v2\/tags?post=65827"}],"curies":[{"name":"wp","href":"https:\/\/api.w.org\/{rel}","templated":true}]}}