{"id":65821,"date":"2022-09-27T15:43:13","date_gmt":"2022-09-27T18:43:13","guid":{"rendered":"https:\/\/www.centraldenoticias.com.ar\/?p=65821"},"modified":"2022-09-27T15:43:13","modified_gmt":"2022-09-27T18:43:13","slug":"vivo-diputados-trabaja-en-la-reforma-de-la-ley-de-innovacion-tecnologica","status":"publish","type":"post","link":"https:\/\/cdnoticias.com\/index.php\/2022\/09\/27\/vivo-diputados-trabaja-en-la-reforma-de-la-ley-de-innovacion-tecnologica\/","title":{"rendered":"VIVO &#8211; Diputados trabaja en la reforma de la Ley de Innovaci\u00f3n Tecnol\u00f3gica"},"content":{"rendered":"<p>Desde las 15:00 se debate el proyecto en reuni\u00f3n conjunta de comisiones.<!--more--><\/p>\n<hr \/>\n<p>Este martes se lleva a cabo la <strong>reuni\u00f3n conjunta de las comisiones de Presupuesto y Hacienda, y de Ciencia, Tecnolog\u00eda e Innovaci\u00f3n Productiva<\/strong> para avanzar en el proyecto de ley por el cual se introducen modificaciones a la Ley 23.877, de Promoci\u00f3n y Fomento de la Innovaci\u00f3n Tecnol\u00f3gica.<\/p>\n<p>&nbsp;<\/p>\n<div class=\"jetpack-video-wrapper\"><iframe loading=\"lazy\" title=\"COMISI\u00d3N EN VIVO: 27 de septiembre de 2022 - REUNI\u00d3N CONJUNTA - Diputados Argentina\" width=\"800\" height=\"600\" src=\"https:\/\/www.youtube.com\/embed\/z50_1VaCRmk?feature=oembed\" frameborder=\"0\" allow=\"accelerometer; autoplay; clipboard-write; encrypted-media; gyroscope; picture-in-picture\" allowfullscreen><\/iframe><\/div>\n<p>&nbsp;<\/p>\n<p>La actividad se podr\u00e1 seguir en los siguientes links:<\/p>\n<p>&nbsp;<\/p>\n<p>En TV: Diputados TV<\/p>\n<p>En la web: dtv.diputados.gob.ar<\/p>\n<p>YouTube: Hcdn.tv<\/p>\n<p>FB: \/diputados.argentina<\/p>\n<p>&nbsp;<\/p>\n<p>&nbsp;<\/p>\n","protected":false},"excerpt":{"rendered":"<p>Desde las 15:00 se debate el proyecto en reuni\u00f3n conjunta de comisiones.<\/p>\n","protected":false},"author":5,"featured_media":65839,"comment_status":"closed","ping_status":"closed","sticky":false,"template":"","format":"standard","meta":{"_jetpack_memberships_contains_paid_content":false,"footnotes":""},"categories":[6,1],"tags":[],"class_list":["post-65821","post","type-post","status-publish","format-standard","has-post-thumbnail","hentry","category-nacionales","category-portada"],"jetpack_featured_media_url":"https:\/\/i0.wp.com\/cdnoticias.com\/wp-content\/uploads\/2022\/09\/diputados-danya.jpg?fit=972%2C541&ssl=1","jetpack_sharing_enabled":true,"_links":{"self":[{"href":"https:\/\/cdnoticias.com\/index.php\/wp-json\/wp\/v2\/posts\/65821","targetHints":{"allow":["GET"]}}],"collection":[{"href":"https:\/\/cdnoticias.com\/index.php\/wp-json\/wp\/v2\/posts"}],"about":[{"href":"https:\/\/cdnoticias.com\/index.php\/wp-json\/wp\/v2\/types\/post"}],"author":[{"embeddable":true,"href":"https:\/\/cdnoticias.com\/index.php\/wp-json\/wp\/v2\/users\/5"}],"replies":[{"embeddable":true,"href":"https:\/\/cdnoticias.com\/index.php\/wp-json\/wp\/v2\/comments?post=65821"}],"version-history":[{"count":0,"href":"https:\/\/cdnoticias.com\/index.php\/wp-json\/wp\/v2\/posts\/65821\/revisions"}],"wp:featuredmedia":[{"embeddable":true,"href":"https:\/\/cdnoticias.com\/index.php\/wp-json\/wp\/v2\/media\/65839"}],"wp:attachment":[{"href":"https:\/\/cdnoticias.com\/index.php\/wp-json\/wp\/v2\/media?parent=65821"}],"wp:term":[{"taxonomy":"category","embeddable":true,"href":"https:\/\/cdnoticias.com\/index.php\/wp-json\/wp\/v2\/categories?post=65821"},{"taxonomy":"post_tag","embeddable":true,"href":"https:\/\/cdnoticias.com\/index.php\/wp-json\/wp\/v2\/tags?post=65821"}],"curies":[{"name":"wp","href":"https:\/\/api.w.org\/{rel}","templated":true}]}}