{"id":65811,"date":"2022-09-27T11:04:54","date_gmt":"2022-09-27T14:04:54","guid":{"rendered":"https:\/\/www.centraldenoticias.com.ar\/?p=65811"},"modified":"2022-09-27T13:03:34","modified_gmt":"2022-09-27T16:03:34","slug":"falta-de-neumaticos-todavia-tenemos-algo-de-stock-pero-en-algunas-medidas-ya-no","status":"publish","type":"post","link":"https:\/\/cdnoticias.com\/index.php\/2022\/09\/27\/falta-de-neumaticos-todavia-tenemos-algo-de-stock-pero-en-algunas-medidas-ya-no\/","title":{"rendered":"Falta de neum\u00e1ticos: \u201cTodav\u00eda tenemos algo de stock pero en algunas medidas ya no\u201d"},"content":{"rendered":"<p>As\u00ed lo afirm\u00f3 un comerciante local dedicado a la venta de neum\u00e1ticos. Las tres firmas l\u00edderes de Argentina paralizaron la producci\u00f3n debido a un conflicto gremial por suba de salarios. <!--more--><\/p>\n<hr \/>\n<p>Contin\u00faa paralizada la producci\u00f3n de neum\u00e1ticos en la Argentina por un conflicto gremial entre el Sindicato \u00danico de Trabajadores del Neum\u00e1tico Argentino (Sutna) y las empresas del sector. <strong>Francisco Arena comerciante local dedicado a la venta de neum\u00e1ticos habl\u00f3 con el programa radial Levantate (FM 102.7) sobre el impacto que esta situaci\u00f3n tiene en Olavarr\u00eda.<\/strong><\/p>\n<p>&nbsp;<\/p>\n<p><strong>\u201cEl impacto es total y nos ataca por varios frentes\u201d<\/strong>, asegur\u00f3 Francisco Arena. En ese sentido, detall\u00f3 que \u201cpor la pandemia hubo problemas de producci\u00f3n de neum\u00e1ticos, las f\u00e1bricas pasaron a estar mucho tiempo paradas y se produjo desabastecimiento\u201d. Luego se registr\u00f3 el problema \u201cque a nosotros nos tiene m\u00e1s que complicados ya que comercialmente los productos que vendemos son importados\u201d.<\/p>\n<p>&nbsp;<\/p>\n<p>A este panorama, se sum\u00f3 este \u00faltimo conflicto que <strong>\u201chace alrededor de 5 meses que hay negociaciones que no llegan a ning\u00fan lado, hasta el punto de que f\u00e1bricas que est\u00e1n produciendo en el pa\u00eds decidieron interrumpir sus producciones\u201d.<\/strong><\/p>\n<p>&nbsp;<\/p>\n<p>Respecto al abastecimiento en su comercio afirm\u00f3 que <strong>\u201cla reposici\u00f3n se est\u00e1 complicando porque estamos muy por debajo del cupo hist\u00f3rico que nos entregaba la multinacional\u201d.<\/strong> Y agreg\u00f3: \u201cen algunas l\u00edneas de productos se ha resentido mucho el stock a punto tal que ya llevamos varios meses que algunas medidas no tenemos. <strong>Termin\u00e1s haciendo malabares, tratando de colocarle al cliente la equivalencia m\u00e1s cercana<\/strong> como para que pueda seguir rodando sin descuidar la prestaci\u00f3n del veh\u00edculo y la seguridad\u201d.<\/p>\n<p>&nbsp;<\/p>\n<p>Seg\u00fan el comerciante, tambi\u00e9n <strong>se vio resentida la entrega de productos a las empresas de transporte y log\u00edstica de la ciudad.<\/strong> \u201cNo les queda otra que salir a poner lo que haya dando vueltas. Tienen que seguir rodando y hacen lo que pueden\u201d, indic\u00f3.<\/p>\n<p>&nbsp;<\/p>\n<p>Si bien no pudo especificar un porcentaje de aumento del producto durante este a\u00f1o, asegur\u00f3 que \u201cha sido un incremento importante\u201d. Asimismo, advirti\u00f3 que \u201cestamos a las puertas de una nueva temporada donde la gente necesita acondicionar sus veh\u00edculos y salir a la ruta, y por ah\u00ed no va a encontrar neum\u00e1ticos. <strong>Todav\u00eda tenemos algo de stock pero en algunas medidas ya no<\/strong>\u201d.<\/p>\n<p>&nbsp;<\/p>\n<p>Por \u00faltimo, Arena se\u00f1al\u00f3 que \u201cme parece que el gremio va a tener que retroceder porque de esta manera no se puede seguir y va a terminar cerrando operaciones Firestone y Pirelli y va a quedar mucha gente en la calle. <strong>Yo creo que van a tener que dar marcha atr\u00e1s y tratar de mantener las fuentes laborales<\/strong>\u201d.<\/p>\n<p>&nbsp;<\/p>\n<p><strong>El conflicto<\/strong><\/p>\n<p>&nbsp;<\/p>\n<p>La semana pasada, <strong>el sector empresario propuso un aumento del 38% por nueve meses de julio a marzo de 2023<\/strong>, algo que fue rechazado por la conducci\u00f3n sindical. <strong>El Sutna reclama un aumento salarial por encima de la inflaci\u00f3n por la paritaria 2021-2022 y un adicional por las horas extras del fin de semana.<\/strong> Las empresas ofrecieron una suba del 66% y en su momento un bono.<\/p>\n<p>&nbsp;<\/p>\n<p>Por el conflicto <strong>paralizaron su producci\u00f3n las tres firmas l\u00edderes -Bridgestone, Pirelli y Fate-<\/strong> mientras la planta de <strong>Ford Argentina<\/strong>, ubicada en la localidad de General Pacheco, par\u00f3 sus dos turnos afectada por la falta de neum\u00e1ticos para equipar los veh\u00edculos. Fuentes del sector tambi\u00e9n alertaron que <strong>una decisi\u00f3n similar podr\u00eda adoptar la automotriz Toyota<\/strong> en su planta de Z\u00e1rate, en el norte bonaerense, donde se fabrican la pick up Hilux y la SUV SW4.<\/p>\n<p>&nbsp;<\/p>\n<p>\u201cTienen que poder llegar a un acuerdo para que se solucione el conflicto lo m\u00e1s r\u00e1pido posible\u201d, indic\u00f3 esta ma\u00f1ana la portavoz de la Presidencia Gabriela Cerruti, y agreg\u00f3: \u201cSe trata de un sector muy transversal a todo el crecimiento econ\u00f3mico del pa\u00eds\u201d. Seg\u00fan explic\u00f3 la funcionaria, el conflicto \u201cempez\u00f3 exclusivamente por el tema del salario pero luego fue cambiando el escenario\u201d.<\/p>\n<p>&nbsp;<\/p>\n","protected":false},"excerpt":{"rendered":"<p>As\u00ed lo afirm\u00f3 un comerciante local dedicado a la venta de neum\u00e1ticos. Las tres firmas l\u00edderes de Argentina paralizaron la<\/p>\n","protected":false},"author":5,"featured_media":65813,"comment_status":"closed","ping_status":"closed","sticky":false,"template":"","format":"standard","meta":{"_jetpack_memberships_contains_paid_content":false,"footnotes":""},"categories":[5,1],"tags":[],"class_list":["post-65811","post","type-post","status-publish","format-standard","has-post-thumbnail","hentry","category-informacion-general","category-portada"],"jetpack_featured_media_url":"https:\/\/i0.wp.com\/cdnoticias.com\/wp-content\/uploads\/2022\/09\/Neumaticos-696x391-1.jpg?fit=696%2C391&ssl=1","jetpack_sharing_enabled":true,"_links":{"self":[{"href":"https:\/\/cdnoticias.com\/index.php\/wp-json\/wp\/v2\/posts\/65811","targetHints":{"allow":["GET"]}}],"collection":[{"href":"https:\/\/cdnoticias.com\/index.php\/wp-json\/wp\/v2\/posts"}],"about":[{"href":"https:\/\/cdnoticias.com\/index.php\/wp-json\/wp\/v2\/types\/post"}],"author":[{"embeddable":true,"href":"https:\/\/cdnoticias.com\/index.php\/wp-json\/wp\/v2\/users\/5"}],"replies":[{"embeddable":true,"href":"https:\/\/cdnoticias.com\/index.php\/wp-json\/wp\/v2\/comments?post=65811"}],"version-history":[{"count":0,"href":"https:\/\/cdnoticias.com\/index.php\/wp-json\/wp\/v2\/posts\/65811\/revisions"}],"wp:featuredmedia":[{"embeddable":true,"href":"https:\/\/cdnoticias.com\/index.php\/wp-json\/wp\/v2\/media\/65813"}],"wp:attachment":[{"href":"https:\/\/cdnoticias.com\/index.php\/wp-json\/wp\/v2\/media?parent=65811"}],"wp:term":[{"taxonomy":"category","embeddable":true,"href":"https:\/\/cdnoticias.com\/index.php\/wp-json\/wp\/v2\/categories?post=65811"},{"taxonomy":"post_tag","embeddable":true,"href":"https:\/\/cdnoticias.com\/index.php\/wp-json\/wp\/v2\/tags?post=65811"}],"curies":[{"name":"wp","href":"https:\/\/api.w.org\/{rel}","templated":true}]}}