{"id":65809,"date":"2022-09-27T07:45:11","date_gmt":"2022-09-27T10:45:11","guid":{"rendered":"https:\/\/www.centraldenoticias.com.ar\/?p=65809"},"modified":"2022-09-28T07:39:54","modified_gmt":"2022-09-28T10:39:54","slug":"corte-de-electricidad-afectara-a-un-sector-del-barrio-pueblo-nuevo","status":"publish","type":"post","link":"https:\/\/cdnoticias.com\/index.php\/2022\/09\/27\/corte-de-electricidad-afectara-a-un-sector-del-barrio-pueblo-nuevo\/","title":{"rendered":"Corte de electricidad afectar\u00e1 a un sector del barrio Pueblo Nuevo"},"content":{"rendered":"<p>Para este martes por la tarde se program\u00f3 la interrupci\u00f3n. El personal de Coopelectric realizar\u00e1 tareas de mantenimiento.<!--more--><\/p>\n<hr \/>\n<p>Un corte de electricidad <strong>afectar\u00e1 a un sector del barrio Pueblo Nuevo<\/strong> en la tarde del <strong>martes<\/strong>.<\/p>\n<p>&nbsp;<\/p>\n<p>Se program\u00f3 la interrupci\u00f3n para la zona que comprenden las calles<strong> Independencia, Col\u00f3n, Maip\u00fa y Necochea de 14 a 16.<\/strong><\/p>\n<p>&nbsp;<\/p>\n<p>El personal de Coopelectric realizar\u00e1 tareas de mantenimiento.<\/p>\n<p>&nbsp;<\/p>\n<p>&nbsp;<\/p>\n","protected":false},"excerpt":{"rendered":"<p>Para este martes por la tarde se program\u00f3 la interrupci\u00f3n. El personal de Coopelectric realizar\u00e1 tareas de mantenimiento.<\/p>\n","protected":false},"author":4,"featured_media":41402,"comment_status":"closed","ping_status":"closed","sticky":false,"template":"","format":"standard","meta":{"_jetpack_memberships_contains_paid_content":false,"footnotes":""},"categories":[5,1],"tags":[],"class_list":["post-65809","post","type-post","status-publish","format-standard","has-post-thumbnail","hentry","category-informacion-general","category-portada"],"jetpack_featured_media_url":"https:\/\/i0.wp.com\/cdnoticias.com\/wp-content\/uploads\/2021\/12\/coopelectric-camion1.jpg?fit=1540%2C856&ssl=1","jetpack_sharing_enabled":true,"_links":{"self":[{"href":"https:\/\/cdnoticias.com\/index.php\/wp-json\/wp\/v2\/posts\/65809","targetHints":{"allow":["GET"]}}],"collection":[{"href":"https:\/\/cdnoticias.com\/index.php\/wp-json\/wp\/v2\/posts"}],"about":[{"href":"https:\/\/cdnoticias.com\/index.php\/wp-json\/wp\/v2\/types\/post"}],"author":[{"embeddable":true,"href":"https:\/\/cdnoticias.com\/index.php\/wp-json\/wp\/v2\/users\/4"}],"replies":[{"embeddable":true,"href":"https:\/\/cdnoticias.com\/index.php\/wp-json\/wp\/v2\/comments?post=65809"}],"version-history":[{"count":0,"href":"https:\/\/cdnoticias.com\/index.php\/wp-json\/wp\/v2\/posts\/65809\/revisions"}],"wp:featuredmedia":[{"embeddable":true,"href":"https:\/\/cdnoticias.com\/index.php\/wp-json\/wp\/v2\/media\/41402"}],"wp:attachment":[{"href":"https:\/\/cdnoticias.com\/index.php\/wp-json\/wp\/v2\/media?parent=65809"}],"wp:term":[{"taxonomy":"category","embeddable":true,"href":"https:\/\/cdnoticias.com\/index.php\/wp-json\/wp\/v2\/categories?post=65809"},{"taxonomy":"post_tag","embeddable":true,"href":"https:\/\/cdnoticias.com\/index.php\/wp-json\/wp\/v2\/tags?post=65809"}],"curies":[{"name":"wp","href":"https:\/\/api.w.org\/{rel}","templated":true}]}}