{"id":65801,"date":"2022-09-27T10:02:35","date_gmt":"2022-09-27T13:02:35","guid":{"rendered":"https:\/\/www.centraldenoticias.com.ar\/?p=65801"},"modified":"2022-09-27T10:02:35","modified_gmt":"2022-09-27T13:02:35","slug":"siguen-los-controles-de-la-policia-departamental","status":"publish","type":"post","link":"https:\/\/cdnoticias.com\/index.php\/2022\/09\/27\/siguen-los-controles-de-la-policia-departamental\/","title":{"rendered":"Siguen los controles de la Polic\u00eda Departamental"},"content":{"rendered":"<p>Se informaron los resultados de los operativos con tres aprehendidos por tenencia de drogas y siete veh\u00edculos retenidos por infracciones de tr\u00e1nsito.<!--more--><\/p>\n<hr \/>\n<p>La Estaci\u00f3n de Polic\u00eda Departamental de Seguridad Olavarr\u00eda mantiene la realizaci\u00f3n de <strong>operativos en toda la planta de la ciudad y en las localidades<\/strong> en distintos horarios y lugares.<\/p>\n<p>&nbsp;<\/p>\n<p>Este martes se inform\u00f3 que durante el transcurso de los \u00faltimos d\u00edas se ha logrado<strong> la identificaci\u00f3n de m\u00e1s de 720 personas y m\u00e1s de 560 veh\u00edculos<\/strong>.<\/p>\n<p>&nbsp;<\/p>\n<blockquote><p>Se detall\u00f3 la retenci\u00f3n de siete veh\u00edculos por diversas infracciones de tr\u00e1nsito y la aprehensi\u00f3n de tres masculinos por tenencia de drogas (infracci\u00f3n a la ley 23.737).<\/p><\/blockquote>\n<p>&nbsp;<\/p>\n<p><img data-recalc-dims=\"1\" loading=\"lazy\" decoding=\"async\" class=\"size-full wp-image-65802 aligncenter\" src=\"https:\/\/i0.wp.com\/cdnoticias.com\/wp-content\/uploads\/2022\/09\/operativos-de-transito-00.jpg?resize=800%2C445&#038;ssl=1\" alt=\"\" width=\"800\" height=\"445\" srcset=\"https:\/\/i0.wp.com\/cdnoticias.com\/wp-content\/uploads\/2022\/09\/operativos-de-transito-00.jpg?w=800&amp;ssl=1 800w, https:\/\/i0.wp.com\/cdnoticias.com\/wp-content\/uploads\/2022\/09\/operativos-de-transito-00.jpg?resize=300%2C167&amp;ssl=1 300w, https:\/\/i0.wp.com\/cdnoticias.com\/wp-content\/uploads\/2022\/09\/operativos-de-transito-00.jpg?resize=768%2C427&amp;ssl=1 768w\" sizes=\"auto, (max-width: 800px) 100vw, 800px\" \/><\/p>\n<p>&nbsp;<\/p>\n<p>Se record\u00f3 que los operativos son diagramados y encabezados por el Jefe Departamental comisario inspector Roberto Landoni. Son llevados a cabo por personal dependiente de esta Estaci\u00f3n de Polic\u00eda (Comisar\u00edas Primera y Segunda, Subcomisarias Hinojo, Sierras Bayas y Sierra Chica) contando con la colaboraci\u00f3n de otras dependencias descentralizadas como Grupo Infanter\u00eda, Grupo GAD, Subddi, Drogas Il\u00edcitas y un can proveniente de la ciudad de Tapalqu\u00e9, entrenado en busca de droga, como as\u00ed tambi\u00e9n se incorporaron refuerzos de ciudades lim\u00edtrofes para aumentar la capacidad operativa.<\/p>\n<p>&nbsp;<\/p>\n","protected":false},"excerpt":{"rendered":"<p>Se informaron los resultados de los operativos con tres aprehendidos por tenencia de drogas y siete veh\u00edculos retenidos por infracciones<\/p>\n","protected":false},"author":4,"featured_media":65803,"comment_status":"closed","ping_status":"closed","sticky":false,"template":"","format":"standard","meta":{"_jetpack_memberships_contains_paid_content":false,"footnotes":""},"categories":[14,1],"tags":[],"class_list":["post-65801","post","type-post","status-publish","format-standard","has-post-thumbnail","hentry","category-policiales","category-portada"],"jetpack_featured_media_url":"https:\/\/i0.wp.com\/cdnoticias.com\/wp-content\/uploads\/2022\/09\/operativos-de-transito-02.jpg?fit=800%2C445&ssl=1","jetpack_sharing_enabled":true,"_links":{"self":[{"href":"https:\/\/cdnoticias.com\/index.php\/wp-json\/wp\/v2\/posts\/65801","targetHints":{"allow":["GET"]}}],"collection":[{"href":"https:\/\/cdnoticias.com\/index.php\/wp-json\/wp\/v2\/posts"}],"about":[{"href":"https:\/\/cdnoticias.com\/index.php\/wp-json\/wp\/v2\/types\/post"}],"author":[{"embeddable":true,"href":"https:\/\/cdnoticias.com\/index.php\/wp-json\/wp\/v2\/users\/4"}],"replies":[{"embeddable":true,"href":"https:\/\/cdnoticias.com\/index.php\/wp-json\/wp\/v2\/comments?post=65801"}],"version-history":[{"count":0,"href":"https:\/\/cdnoticias.com\/index.php\/wp-json\/wp\/v2\/posts\/65801\/revisions"}],"wp:featuredmedia":[{"embeddable":true,"href":"https:\/\/cdnoticias.com\/index.php\/wp-json\/wp\/v2\/media\/65803"}],"wp:attachment":[{"href":"https:\/\/cdnoticias.com\/index.php\/wp-json\/wp\/v2\/media?parent=65801"}],"wp:term":[{"taxonomy":"category","embeddable":true,"href":"https:\/\/cdnoticias.com\/index.php\/wp-json\/wp\/v2\/categories?post=65801"},{"taxonomy":"post_tag","embeddable":true,"href":"https:\/\/cdnoticias.com\/index.php\/wp-json\/wp\/v2\/tags?post=65801"}],"curies":[{"name":"wp","href":"https:\/\/api.w.org\/{rel}","templated":true}]}}