{"id":65796,"date":"2022-09-27T08:47:16","date_gmt":"2022-09-27T11:47:16","guid":{"rendered":"https:\/\/www.centraldenoticias.com.ar\/?p=65796"},"modified":"2022-09-27T08:47:16","modified_gmt":"2022-09-27T11:47:16","slug":"eduardo-rodriguez-estuvo-con-el-ministro-katopodis-en-un-encuentro-sobre-vialidad","status":"publish","type":"post","link":"https:\/\/cdnoticias.com\/index.php\/2022\/09\/27\/eduardo-rodriguez-estuvo-con-el-ministro-katopodis-en-un-encuentro-sobre-vialidad\/","title":{"rendered":"Eduardo Rodr\u00edguez estuvo con el Ministro Katopodis en un encuentro sobre vialidad"},"content":{"rendered":"<p>Fue en el marco del XVIII Congreso Nacional de Vialidad y Tr\u00e1nsito que se desarrolla en Buenos Aires.<!--more--><\/p>\n<hr \/>\n<p>El referente del Foro Olavarr\u00eda \u2013 Frente Renovador, Eduardo Rodr\u00edguez, en representaci\u00f3n de AUBASA acompa\u00f1\u00f3 el acto que dio inicio al <strong>XVIII Congreso Argentino de Vialidad y Tr\u00e1nsito<\/strong> que se desarrolla en el Hotel Hilton Buenos Aires. El Ministro Gabriel Katopodis fue quien encabez\u00f3 la ceremonia.<\/p>\n<p>&nbsp;<\/p>\n<p>Rodr\u00edguez se\u00f1al\u00f3 que \u201cestos espacios nos permiten debatir sobre el ordenamiento, planificaci\u00f3n y gesti\u00f3n del sistema vial, y adem\u00e1s debatir y conocer herramientas y acciones para el <strong>mejoramiento de la seguridad vial en las rutas y ciudades<\/strong>\u2019\u2019.<\/p>\n<p>&nbsp;<\/p>\n<p>Cabe destacar que el Congreso Argentino de Vialidad y Tr\u00e1nsito se trata de un foro de intercambio de experiencias y debate destinado a profesionales y t\u00e9cnicos que desarrollan su actividad ligada al sector vial y del transporte en general, ya sea desde el sector p\u00fablico o privado y en el \u00e1mbito rural o en el urbano.<\/p>\n<p>&nbsp;<\/p>\n<p>Es organizado por la<strong> Asociaci\u00f3n Argentina de Carreteras (AAC) en conjunto con el Consejo Vial Federal (CVF) y Vialidad Nacional.<\/strong><\/p>\n","protected":false},"excerpt":{"rendered":"<p>Fue en el marco del XVIII Congreso Nacional de Vialidad y Tr\u00e1nsito que se desarrolla en Buenos Aires.<\/p>\n","protected":false},"author":5,"featured_media":65797,"comment_status":"closed","ping_status":"closed","sticky":false,"template":"","format":"standard","meta":{"_jetpack_memberships_contains_paid_content":false,"footnotes":""},"categories":[4,1],"tags":[],"class_list":["post-65796","post","type-post","status-publish","format-standard","has-post-thumbnail","hentry","category-politica","category-portada"],"jetpack_featured_media_url":"https:\/\/i0.wp.com\/cdnoticias.com\/wp-content\/uploads\/2022\/09\/Kato_Eduardo.jpg?fit=800%2C500&ssl=1","jetpack_sharing_enabled":true,"_links":{"self":[{"href":"https:\/\/cdnoticias.com\/index.php\/wp-json\/wp\/v2\/posts\/65796","targetHints":{"allow":["GET"]}}],"collection":[{"href":"https:\/\/cdnoticias.com\/index.php\/wp-json\/wp\/v2\/posts"}],"about":[{"href":"https:\/\/cdnoticias.com\/index.php\/wp-json\/wp\/v2\/types\/post"}],"author":[{"embeddable":true,"href":"https:\/\/cdnoticias.com\/index.php\/wp-json\/wp\/v2\/users\/5"}],"replies":[{"embeddable":true,"href":"https:\/\/cdnoticias.com\/index.php\/wp-json\/wp\/v2\/comments?post=65796"}],"version-history":[{"count":0,"href":"https:\/\/cdnoticias.com\/index.php\/wp-json\/wp\/v2\/posts\/65796\/revisions"}],"wp:featuredmedia":[{"embeddable":true,"href":"https:\/\/cdnoticias.com\/index.php\/wp-json\/wp\/v2\/media\/65797"}],"wp:attachment":[{"href":"https:\/\/cdnoticias.com\/index.php\/wp-json\/wp\/v2\/media?parent=65796"}],"wp:term":[{"taxonomy":"category","embeddable":true,"href":"https:\/\/cdnoticias.com\/index.php\/wp-json\/wp\/v2\/categories?post=65796"},{"taxonomy":"post_tag","embeddable":true,"href":"https:\/\/cdnoticias.com\/index.php\/wp-json\/wp\/v2\/tags?post=65796"}],"curies":[{"name":"wp","href":"https:\/\/api.w.org\/{rel}","templated":true}]}}