{"id":65792,"date":"2022-09-27T08:04:43","date_gmt":"2022-09-27T11:04:43","guid":{"rendered":"https:\/\/www.centraldenoticias.com.ar\/?p=65792"},"modified":"2022-09-27T08:04:43","modified_gmt":"2022-09-27T11:04:43","slug":"jorge-rolando-cueto-cuetito-q-e-p-d","status":"publish","type":"post","link":"https:\/\/cdnoticias.com\/index.php\/2022\/09\/27\/jorge-rolando-cueto-cuetito-q-e-p-d\/","title":{"rendered":"Jorge Rolando Cueto \u201cCuetito\u201d (Q.E.P.D.)"},"content":{"rendered":"<p>Falleci\u00f3 en Olavarr\u00eda el 26 de septiembre de 2022 a los 76 a\u00f1os de edad. Su esposa Norma Acevedo. Sus hijos Jorge, Carlos, Dar\u00edo, Claudia, Ver\u00f3nica, Lucas, Guillermo, D\u00e9bora y Silvina Cueto. Sus hijos pol\u00edticos Valeria, Ver\u00f3nica, Dar\u00edo, Manuel y Beto. Sus nietos Wanda, Milagros, Oriana, Camila, Santiago, Luz, Nazareno, Antonio, Enzo, Giuliana, Sergio, Silvina, Johana, Mat\u00edas, Micaela, Maximiliano, Macarena, Miqueas, Diamela, Agust\u00edn, Roc\u00edo, Alma, Esperanza, Orus, Joaqu\u00edn, Agustina, Juana, Abby, Facundo, Ulises y Esmeralda. Sus bisnietos Tiziano, Benicio, Damaris, Roma, Lionel, Sim\u00f3n, Noah y Bautista y dem\u00e1s deudos participan su fallecimiento.<\/p>\n<p>&nbsp;<\/p>\n<p>Sus restos ser\u00e1n velados en Espa\u00f1a 2942 departamento &#8220;B&#8221; (el velatorio comienza a las 10:00 horas y finaliza a las 11:30 horas) y ser\u00e1n cremados en crematorio Pinos de Paz en d\u00eda y hora a confirmar. Se ruega no enviar flores. Vecino de Barrio Ituzaing\u00f3. Nacido en Olavarr\u00eda. Jubilado del Hospital Municipal &#8220;Dr. H\u00e9ctor Cura&#8221;.<\/p>\n","protected":false},"excerpt":{"rendered":"<p>Falleci\u00f3 en Olavarr\u00eda el 26 de septiembre de 2022 a los 76 a\u00f1os de edad. Su esposa Norma Acevedo. Sus<\/p>\n","protected":false},"author":5,"featured_media":51544,"comment_status":"closed","ping_status":"closed","sticky":false,"template":"","format":"standard","meta":{"_jetpack_memberships_contains_paid_content":false,"footnotes":""},"categories":[10],"tags":[],"class_list":["post-65792","post","type-post","status-publish","format-standard","has-post-thumbnail","hentry","category-necrologicas"],"jetpack_featured_media_url":"https:\/\/i0.wp.com\/cdnoticias.com\/wp-content\/uploads\/2022\/04\/necrologicas-390-x-240.jpg?fit=390%2C240&ssl=1","jetpack_sharing_enabled":true,"_links":{"self":[{"href":"https:\/\/cdnoticias.com\/index.php\/wp-json\/wp\/v2\/posts\/65792","targetHints":{"allow":["GET"]}}],"collection":[{"href":"https:\/\/cdnoticias.com\/index.php\/wp-json\/wp\/v2\/posts"}],"about":[{"href":"https:\/\/cdnoticias.com\/index.php\/wp-json\/wp\/v2\/types\/post"}],"author":[{"embeddable":true,"href":"https:\/\/cdnoticias.com\/index.php\/wp-json\/wp\/v2\/users\/5"}],"replies":[{"embeddable":true,"href":"https:\/\/cdnoticias.com\/index.php\/wp-json\/wp\/v2\/comments?post=65792"}],"version-history":[{"count":0,"href":"https:\/\/cdnoticias.com\/index.php\/wp-json\/wp\/v2\/posts\/65792\/revisions"}],"wp:featuredmedia":[{"embeddable":true,"href":"https:\/\/cdnoticias.com\/index.php\/wp-json\/wp\/v2\/media\/51544"}],"wp:attachment":[{"href":"https:\/\/cdnoticias.com\/index.php\/wp-json\/wp\/v2\/media?parent=65792"}],"wp:term":[{"taxonomy":"category","embeddable":true,"href":"https:\/\/cdnoticias.com\/index.php\/wp-json\/wp\/v2\/categories?post=65792"},{"taxonomy":"post_tag","embeddable":true,"href":"https:\/\/cdnoticias.com\/index.php\/wp-json\/wp\/v2\/tags?post=65792"}],"curies":[{"name":"wp","href":"https:\/\/api.w.org\/{rel}","templated":true}]}}