{"id":65776,"date":"2022-09-26T19:59:58","date_gmt":"2022-09-26T22:59:58","guid":{"rendered":"https:\/\/www.centraldenoticias.com.ar\/?p=65776"},"modified":"2022-09-27T08:33:45","modified_gmt":"2022-09-27T11:33:45","slug":"fue-un-acto-de-tanta-crueldad-que-necesite-expresarselo-a-la-sociedad-y-que-se-concienticen-todos","status":"publish","type":"post","link":"https:\/\/cdnoticias.com\/index.php\/2022\/09\/26\/fue-un-acto-de-tanta-crueldad-que-necesite-expresarselo-a-la-sociedad-y-que-se-concienticen-todos\/","title":{"rendered":"&#8220;Fue un acto de tanta crueldad que necesito expres\u00e1rselo a la sociedad y que se concienticen todos&#8221;"},"content":{"rendered":"<p>As\u00ed lo dijo Florencia de Arzave a ra\u00edz del envenenamiento de sus dos perras. En la concentraci\u00f3n pidieron que el Municipio &#8220;salga a hablar&#8221; y que &#8220;muestre las c\u00e1maras del sector donde ocurri\u00f3 el hecho&#8221;. <!--more--><\/p>\n<hr \/>\n<p>En la tarde de este lunes <strong>Florencia de Arzave realiz\u00f3 una convocatoria<\/strong> por redes sociales <a href=\"https:\/\/cdnoticias.com\/index.php\/2022\/09\/26\/marcharan-para-reclamar-por-el-envenenamiento-de-dos-mascotas\/\" target=\"_blank\" rel=\"noopener\">a ra\u00edz del envenenamiento de sus dos perras en Rivadavia y Dorrego.<\/a><\/p>\n<p>&nbsp;<\/p>\n<p>De Arzave narr\u00f3 que llev\u00f3 a sus perras al parque donde comieron algo que estaba tirado y luego de llegar a su casa empezaron a convulsionar, y la veterinaria no los pudo salvar. <strong>&#8220;La persona que hizo esto no tiene empat\u00eda&#8221;<\/strong> agreg\u00f3.<\/p>\n<p>&nbsp;<\/p>\n<p>&#8220;<strong>Se hizo la denuncia al otro d\u00eda de que sucedi\u00f3.<\/strong> Est\u00e1 a nombre de mi hermana porque no tenia la fuerza para ir. <strong>Supuestamente ya est\u00e1 en fiscal\u00eda, que solicit\u00f3 las c\u00e1maras, pero no tenemos respuesta hasta el momento&#8221;<\/strong> explic\u00f3.<\/p>\n<p>&nbsp;<\/p>\n<p><img data-recalc-dims=\"1\" loading=\"lazy\" decoding=\"async\" class=\"aligncenter wp-image-65779 size-large\" src=\"https:\/\/i0.wp.com\/cdnoticias.com\/wp-content\/uploads\/2022\/09\/WhatsApp-Image-2022-09-26-at-18.45.50-1.jpeg?resize=800%2C450&#038;ssl=1\" alt=\"\" width=\"800\" height=\"450\" srcset=\"https:\/\/i0.wp.com\/cdnoticias.com\/wp-content\/uploads\/2022\/09\/WhatsApp-Image-2022-09-26-at-18.45.50-1.jpeg?resize=1024%2C576&amp;ssl=1 1024w, https:\/\/i0.wp.com\/cdnoticias.com\/wp-content\/uploads\/2022\/09\/WhatsApp-Image-2022-09-26-at-18.45.50-1.jpeg?resize=300%2C169&amp;ssl=1 300w, https:\/\/i0.wp.com\/cdnoticias.com\/wp-content\/uploads\/2022\/09\/WhatsApp-Image-2022-09-26-at-18.45.50-1.jpeg?resize=768%2C432&amp;ssl=1 768w, https:\/\/i0.wp.com\/cdnoticias.com\/wp-content\/uploads\/2022\/09\/WhatsApp-Image-2022-09-26-at-18.45.50-1.jpeg?resize=1536%2C864&amp;ssl=1 1536w, https:\/\/i0.wp.com\/cdnoticias.com\/wp-content\/uploads\/2022\/09\/WhatsApp-Image-2022-09-26-at-18.45.50-1.jpeg?w=1599&amp;ssl=1 1599w\" sizes=\"auto, (max-width: 800px) 100vw, 800px\" \/><\/p>\n<p>&nbsp;<\/p>\n<p>Adem\u00e1s cont\u00f3 que &#8220;Bromatolog\u00eda me escribi\u00f3 hoy un mensaje por WhatsApp que supuestamente<strong> en las c\u00e1maras hasta ahora lo que se ve son mis perras y yo, pero que no se llega a ver nada sospechoso de que hayan tirado algo.<\/strong> Yo lo qu<strong>e estoy solicitando es que observen bien las c\u00e1maras, porque no sabemos a qu\u00e9 hora tiraron<\/strong>, esa es mi intenci\u00f3n y que pare todo esto porque puede sucederle a cualquier persona. <strong>Ning\u00fan animal merece pasar por esa situaci\u00f3n.<\/strong> No te puedo explicar lo que se vivi\u00f3 en ese instante cuando mis perras empezaron a convulsionar&#8221;.<\/p>\n<p>&nbsp;<\/p>\n<p>Por otro lado coment\u00f3 que &#8220;me llegaron mensajes de que en una manzana entera en<strong> Mariano Moreno <\/strong>hab\u00edan fallecido muchos<strong> gatitos envenenados<\/strong> y en el<strong> Parque Mitre hubo dos casos tambi\u00e9n de una chica<\/strong> que le pas\u00f3 lo mismo. <strong>Son mis hijas, fue un acto de tanta crueldad que necesito expres\u00e1rselo a la sociedad y que se concienticen todos&#8221;<\/strong> cerr\u00f3 la due\u00f1a de las perras.<\/p>\n<p>&nbsp;<\/p>\n<p><strong>Proteccionistas independientes\u00a0<\/strong><\/p>\n<p>&nbsp;<\/p>\n<p>Sobre el<strong> Hospital Veterinario, Anal\u00eda Diorio<\/strong> expres\u00f3 que <strong>&#8220;se gastaron 8 millones de pesos que no cumplen el rol que tendr\u00edan que haber sido, asignados a castraciones masivas, para educar a la gente&#8221;.<\/strong><\/p>\n<p>&nbsp;<\/p>\n<p>&#8220;<strong>Ellos nos mal copiaron toda la ordenanza.<\/strong> Yo <strong>pude interponer tres puntos gracias a que Maximiliano Wesner me dio la oportunidad:<\/strong> por ejemplo como que una vez al mes fueran a la zona serrana, como que se castrara el 20% de la densidad poblacional y que cualquier animal que encuentres en la calle lo puedas levantar y llevar a castrar&#8221; agreg\u00f3 Anal\u00eda.<\/p>\n<p>&nbsp;<\/p>\n<p><img data-recalc-dims=\"1\" loading=\"lazy\" decoding=\"async\" class=\"aligncenter wp-image-65780 size-large\" src=\"https:\/\/i0.wp.com\/cdnoticias.com\/wp-content\/uploads\/2022\/09\/WhatsApp-Image-2022-09-26-at-18.25.43-1.jpeg?resize=800%2C450&#038;ssl=1\" alt=\"\" width=\"800\" height=\"450\" srcset=\"https:\/\/i0.wp.com\/cdnoticias.com\/wp-content\/uploads\/2022\/09\/WhatsApp-Image-2022-09-26-at-18.25.43-1.jpeg?resize=1024%2C576&amp;ssl=1 1024w, https:\/\/i0.wp.com\/cdnoticias.com\/wp-content\/uploads\/2022\/09\/WhatsApp-Image-2022-09-26-at-18.25.43-1.jpeg?resize=300%2C169&amp;ssl=1 300w, https:\/\/i0.wp.com\/cdnoticias.com\/wp-content\/uploads\/2022\/09\/WhatsApp-Image-2022-09-26-at-18.25.43-1.jpeg?resize=768%2C432&amp;ssl=1 768w, https:\/\/i0.wp.com\/cdnoticias.com\/wp-content\/uploads\/2022\/09\/WhatsApp-Image-2022-09-26-at-18.25.43-1.jpeg?resize=1536%2C864&amp;ssl=1 1536w, https:\/\/i0.wp.com\/cdnoticias.com\/wp-content\/uploads\/2022\/09\/WhatsApp-Image-2022-09-26-at-18.25.43-1.jpeg?w=1599&amp;ssl=1 1599w\" sizes=\"auto, (max-width: 800px) 100vw, 800px\" \/><\/p>\n<p>&nbsp;<\/p>\n<p>Adem\u00e1s, remarc\u00f3 que <strong>&#8220;Ezequiel Galli no nos abre las puertas hace 6 a\u00f1os.<\/strong> En su momento se interpuso por <strong>unanimidad en el Concejo Deliberante la emergencia sanitaria canina<\/strong>. En ese momento presentamos el <strong>Plan de Equilibrio Poblacional<\/strong> de ONG En Red, de la red de pol\u00edticas p\u00fablicas. Ese plan se est\u00e1 cumpliendo en la ciudad de La Plata, en Almirante Brown desde 1996 (donde la superpoblaci\u00f3n de animales est\u00e1 controlada)&#8221;.<\/p>\n<p>&nbsp;<\/p>\n<p>&#8220;<strong>Le trajimos todo servido en bandeja y nunca nos atendi\u00f3.<\/strong> La ordenanza que nosotros presentamos nos la mal copiaron sacaron una ordenanza ellos. <strong>Esto se soluciona con castraciones masivas gratuitas, sistem\u00e1ticas, abarcativas y extendidas en el tiempo y no esta pasando ac\u00e1<\/strong>. Con el castram\u00f3vil van a venir tres personas que tengan cierta conciencia. Vos ten\u00e9s que meterte en el barrio a tratar de llegar a la gente que por ah\u00ed no tiene esa conciencia. Hay que llegar a la gente, ellos est\u00e1n errados y piensan que la gente tiene que llegar al Municipio&#8221; expres\u00f3 Anal\u00eda Diorio.<\/p>\n<p>&nbsp;<\/p>\n<p>&nbsp;<\/p>\n","protected":false},"excerpt":{"rendered":"<p>As\u00ed lo dijo Florencia de Arzave a ra\u00edz del envenenamiento de sus dos perras. En la concentraci\u00f3n pidieron que el<\/p>\n","protected":false},"author":6,"featured_media":65777,"comment_status":"closed","ping_status":"closed","sticky":false,"template":"","format":"standard","meta":{"_jetpack_memberships_contains_paid_content":false,"footnotes":""},"categories":[5,1],"tags":[],"class_list":["post-65776","post","type-post","status-publish","format-standard","has-post-thumbnail","hentry","category-informacion-general","category-portada"],"jetpack_featured_media_url":"https:\/\/i0.wp.com\/cdnoticias.com\/wp-content\/uploads\/2022\/09\/WhatsApp-Image-2022-09-26-at-18.17.08.jpeg?fit=1599%2C899&ssl=1","jetpack_sharing_enabled":true,"_links":{"self":[{"href":"https:\/\/cdnoticias.com\/index.php\/wp-json\/wp\/v2\/posts\/65776","targetHints":{"allow":["GET"]}}],"collection":[{"href":"https:\/\/cdnoticias.com\/index.php\/wp-json\/wp\/v2\/posts"}],"about":[{"href":"https:\/\/cdnoticias.com\/index.php\/wp-json\/wp\/v2\/types\/post"}],"author":[{"embeddable":true,"href":"https:\/\/cdnoticias.com\/index.php\/wp-json\/wp\/v2\/users\/6"}],"replies":[{"embeddable":true,"href":"https:\/\/cdnoticias.com\/index.php\/wp-json\/wp\/v2\/comments?post=65776"}],"version-history":[{"count":0,"href":"https:\/\/cdnoticias.com\/index.php\/wp-json\/wp\/v2\/posts\/65776\/revisions"}],"wp:featuredmedia":[{"embeddable":true,"href":"https:\/\/cdnoticias.com\/index.php\/wp-json\/wp\/v2\/media\/65777"}],"wp:attachment":[{"href":"https:\/\/cdnoticias.com\/index.php\/wp-json\/wp\/v2\/media?parent=65776"}],"wp:term":[{"taxonomy":"category","embeddable":true,"href":"https:\/\/cdnoticias.com\/index.php\/wp-json\/wp\/v2\/categories?post=65776"},{"taxonomy":"post_tag","embeddable":true,"href":"https:\/\/cdnoticias.com\/index.php\/wp-json\/wp\/v2\/tags?post=65776"}],"curies":[{"name":"wp","href":"https:\/\/api.w.org\/{rel}","templated":true}]}}