{"id":65765,"date":"2022-09-29T17:03:16","date_gmt":"2022-09-29T20:03:16","guid":{"rendered":"https:\/\/www.centraldenoticias.com.ar\/?p=65765"},"modified":"2022-09-29T17:03:16","modified_gmt":"2022-09-29T20:03:16","slug":"coopelectric-celebra-su-94o-aniversario","status":"publish","type":"post","link":"https:\/\/cdnoticias.com\/index.php\/2022\/09\/29\/coopelectric-celebra-su-94o-aniversario\/","title":{"rendered":"Coopelectric celebra su 94\u00ba aniversario"},"content":{"rendered":"<p>Ser\u00e1 el s\u00e1bado 1\u00ba de octubre en el Parque del Bicentenario. Habr\u00e1 bandas, food trucks y artesanos locales. <!--more--><\/p>\n<hr \/>\n<p>El<strong> viernes 30 de septiembre<\/strong> se conmemora el <strong>94\u00b0 Aniversario de Coopelectric.<\/strong> Para celebrarlo, el pr\u00f3ximo<strong> s\u00e1bado 1\u00b0 de octubre<\/strong> se llevar\u00e1 a cabo un <strong>Evento Cultural<\/strong> que tendr\u00e1 lugar en el <strong>Parque del Bicentenario<\/strong> (avenida Del Valle y Brown).<\/p>\n<p>&nbsp;<\/p>\n<p>La actividad<strong> comenzar\u00e1 a las 15:00 con un espect\u00e1culo infantil a cargo de Cati Weslate.<\/strong> &#8220;Tambi\u00e9n habr\u00e1 juegos y actividades para los m\u00e1s chiquitos,<strong> vinculadas al cuidado del agua y la energ\u00eda&#8221;<\/strong> se indic\u00f3.<\/p>\n<p>&nbsp;<\/p>\n<p><img data-recalc-dims=\"1\" loading=\"lazy\" decoding=\"async\" class=\"aligncenter wp-image-65766 size-large\" src=\"https:\/\/i0.wp.com\/cdnoticias.com\/wp-content\/uploads\/2022\/09\/Festejemos-Juntos-02.jpeg?resize=716%2C1024&#038;ssl=1\" alt=\"\" width=\"716\" height=\"1024\" srcset=\"https:\/\/i0.wp.com\/cdnoticias.com\/wp-content\/uploads\/2022\/09\/Festejemos-Juntos-02.jpeg?resize=716%2C1024&amp;ssl=1 716w, https:\/\/i0.wp.com\/cdnoticias.com\/wp-content\/uploads\/2022\/09\/Festejemos-Juntos-02.jpeg?resize=210%2C300&amp;ssl=1 210w, https:\/\/i0.wp.com\/cdnoticias.com\/wp-content\/uploads\/2022\/09\/Festejemos-Juntos-02.jpeg?resize=768%2C1098&amp;ssl=1 768w, https:\/\/i0.wp.com\/cdnoticias.com\/wp-content\/uploads\/2022\/09\/Festejemos-Juntos-02.jpeg?w=829&amp;ssl=1 829w\" sizes=\"auto, (max-width: 716px) 100vw, 716px\" \/><\/p>\n<p>&nbsp;<\/p>\n<p>Luego, el cronograma incluir\u00e1 la presentaci\u00f3n de ritmos urbanos a cargo de la profesora Zaira Casta\u00f1ares, la participaci\u00f3n de Paloma Pacheco con su espect\u00e1culo folkl\u00f3rico, el ballet \u201cDe la dulce vida\u201d conjunto de danzas ucranianas y alemanas dirigido por el profesor Mauricio Brown, luego ser\u00e1 el turno de Condenados.<\/p>\n<p>&nbsp;<\/p>\n<p>Por \u00faltimo, se har\u00e1 presente la banda<strong> La Familia Berm\u00fadez<\/strong> y finalmente el cierre ser\u00e1 con <strong>Lima Lim\u00f3n.<\/strong> Adem\u00e1s, habr\u00e1 <strong>food trucks y artesanos locales<\/strong>.<\/p>\n<p>&nbsp;<\/p>\n","protected":false},"excerpt":{"rendered":"<p>Ser\u00e1 el s\u00e1bado 1\u00ba de octubre en el Parque del Bicentenario. Habr\u00e1 bandas, food trucks y artesanos locales.<\/p>\n","protected":false},"author":6,"featured_media":26881,"comment_status":"closed","ping_status":"closed","sticky":false,"template":"","format":"standard","meta":{"_jetpack_memberships_contains_paid_content":false,"footnotes":""},"categories":[5,1],"tags":[],"class_list":["post-65765","post","type-post","status-publish","format-standard","has-post-thumbnail","hentry","category-informacion-general","category-portada"],"jetpack_featured_media_url":"https:\/\/i0.wp.com\/cdnoticias.com\/wp-content\/uploads\/2021\/07\/coopelectric00.jpg?fit=800%2C445&ssl=1","jetpack_sharing_enabled":true,"_links":{"self":[{"href":"https:\/\/cdnoticias.com\/index.php\/wp-json\/wp\/v2\/posts\/65765","targetHints":{"allow":["GET"]}}],"collection":[{"href":"https:\/\/cdnoticias.com\/index.php\/wp-json\/wp\/v2\/posts"}],"about":[{"href":"https:\/\/cdnoticias.com\/index.php\/wp-json\/wp\/v2\/types\/post"}],"author":[{"embeddable":true,"href":"https:\/\/cdnoticias.com\/index.php\/wp-json\/wp\/v2\/users\/6"}],"replies":[{"embeddable":true,"href":"https:\/\/cdnoticias.com\/index.php\/wp-json\/wp\/v2\/comments?post=65765"}],"version-history":[{"count":0,"href":"https:\/\/cdnoticias.com\/index.php\/wp-json\/wp\/v2\/posts\/65765\/revisions"}],"wp:featuredmedia":[{"embeddable":true,"href":"https:\/\/cdnoticias.com\/index.php\/wp-json\/wp\/v2\/media\/26881"}],"wp:attachment":[{"href":"https:\/\/cdnoticias.com\/index.php\/wp-json\/wp\/v2\/media?parent=65765"}],"wp:term":[{"taxonomy":"category","embeddable":true,"href":"https:\/\/cdnoticias.com\/index.php\/wp-json\/wp\/v2\/categories?post=65765"},{"taxonomy":"post_tag","embeddable":true,"href":"https:\/\/cdnoticias.com\/index.php\/wp-json\/wp\/v2\/tags?post=65765"}],"curies":[{"name":"wp","href":"https:\/\/api.w.org\/{rel}","templated":true}]}}