{"id":65713,"date":"2022-09-26T11:15:35","date_gmt":"2022-09-26T14:15:35","guid":{"rendered":"https:\/\/www.centraldenoticias.com.ar\/?p=65713"},"modified":"2022-09-26T13:41:01","modified_gmt":"2022-09-26T16:41:01","slug":"edificio-de-gastroenterologia-del-hospital-es-un-honor-estar-inaugurando-esta-obra","status":"publish","type":"post","link":"https:\/\/cdnoticias.com\/index.php\/2022\/09\/26\/edificio-de-gastroenterologia-del-hospital-es-un-honor-estar-inaugurando-esta-obra\/","title":{"rendered":"Edificio de gastroenterolog\u00eda del Hospital: \u201cEs un honor estar inaugurando esta obra\u201d"},"content":{"rendered":"<p>As\u00ed lo expres\u00f3 el Intendente Galli en el marco de la inauguraci\u00f3n del nuevo pabell\u00f3n. Estuvo presente el diputado Santilli y cont\u00f3 con gran cantidad de asistentes de distintos espacios pol\u00edticos y sociales.<!--more--><\/p>\n<hr \/>\n<p>Con gran presencia de funcionarios, concejales, autoridades del Hospital Municipal, m\u00e9dicos, empresarios, referente de instituciones y trabajadores se inaugur\u00f3 el <strong>nuevo pabell\u00f3n del centro de salud.<\/strong><\/p>\n<p>&nbsp;<\/p>\n<p>Se trata de un <strong>edificio totalmente nuevo de unos 1.200 metros cuadrados cubiertos, distribuidos en tres niveles<\/strong>: en planta baja se ubicar\u00e1 el sector de quir\u00f3fano de gastroenterolog\u00eda y sala de espera, administraci\u00f3n, informes, accesos a internaci\u00f3n. En el primer y segundo piso, pasar\u00e1 a funcionar el sector de internaci\u00f3n, enfermer\u00eda y cocina.<\/p>\n<p>&nbsp;<\/p>\n<p>El <strong>director del Hospital Germ\u00e1n Caputo<\/strong> fue el primero en tomar la palabra y destac\u00f3 la \u201cenorme alegr\u00eda y la gran satisfacci\u00f3n\u201d de poder concretar este proyecto. \u201cLos que transitamos los pasillos de este querido Hospital durante muchos a\u00f1os hemos tenido distintas ideas\u201d, se\u00f1al\u00f3.<\/p>\n<p>&nbsp;<\/p>\n<p><img data-recalc-dims=\"1\" loading=\"lazy\" decoding=\"async\" class=\"aligncenter size-full wp-image-65714\" src=\"https:\/\/i0.wp.com\/cdnoticias.com\/wp-content\/uploads\/2022\/09\/inauguracion-hospital-02.jpg?resize=800%2C480&#038;ssl=1\" alt=\"\" width=\"800\" height=\"480\" srcset=\"https:\/\/i0.wp.com\/cdnoticias.com\/wp-content\/uploads\/2022\/09\/inauguracion-hospital-02.jpg?w=1600&amp;ssl=1 1600w, https:\/\/i0.wp.com\/cdnoticias.com\/wp-content\/uploads\/2022\/09\/inauguracion-hospital-02.jpg?resize=300%2C180&amp;ssl=1 300w, https:\/\/i0.wp.com\/cdnoticias.com\/wp-content\/uploads\/2022\/09\/inauguracion-hospital-02.jpg?resize=1024%2C614&amp;ssl=1 1024w, https:\/\/i0.wp.com\/cdnoticias.com\/wp-content\/uploads\/2022\/09\/inauguracion-hospital-02.jpg?resize=768%2C461&amp;ssl=1 768w, https:\/\/i0.wp.com\/cdnoticias.com\/wp-content\/uploads\/2022\/09\/inauguracion-hospital-02.jpg?resize=1536%2C922&amp;ssl=1 1536w\" sizes=\"auto, (max-width: 800px) 100vw, 800px\" \/><\/p>\n<p>&nbsp;<\/p>\n<p>En ese sentido, una de las propuestas era justamente esta ampliaci\u00f3n debido <strong>\u201ca la gran demanda de camas de internaci\u00f3n y un servicio como el de gastroenterolog\u00eda con gran crecimiento traducido en consultas y cirug\u00edas\u201d.<\/strong><\/p>\n<p>&nbsp;<\/p>\n<p>Caputo indic\u00f3 que la obra se pudo concretar \u201cdespu\u00e9s de varios a\u00f1os, muchos contratiempos, sinsabores, pero con un gran recurso econ\u00f3mico aportado por el Municipio y un gran compromiso\u201d.<\/p>\n<p>&nbsp;<\/p>\n<blockquote><p>\u201cEl principal objetivo es contener la demanda en salud que tiene la poblaci\u00f3n. Hoy dimos un gran paso, nuestro compromiso es seguir d\u00e1ndolo\u201d, concluy\u00f3 el funcionario.<\/p><\/blockquote>\n<p>&nbsp;<\/p>\n<p>Como se hab\u00eda anticipado, el <strong>diputado nacional Diego Santilli<\/strong> particip\u00f3 del acto. \u201cEsto es la esencia de lo que tenemos que hacer cuando te toca gobernar. <strong>Educaci\u00f3n de calidad, trabajo, salud, seguridad e infraestructura<\/strong>\u201d, enumer\u00f3 como objetivos prioritarios de la gesti\u00f3n.<\/p>\n<p>&nbsp;<\/p>\n<p>Dedic\u00f3 gran parte de su discurso a <strong>destacar la tarea de Olavarr\u00eda en materia de salud durante la pandemia<\/strong> \u201cal recibir a pacientes de otras ciudades\u201d y felicit\u00f3 al personal de salud por su desempe\u00f1o al \u201cponer el cuerpo, la profesionalidad y arriesgar su vida\u201d.<\/p>\n<p>&nbsp;<\/p>\n<p><img data-recalc-dims=\"1\" loading=\"lazy\" decoding=\"async\" class=\"aligncenter size-full wp-image-65716\" src=\"https:\/\/i0.wp.com\/cdnoticias.com\/wp-content\/uploads\/2022\/09\/inauguracion-hospital-03.jpg?resize=800%2C480&#038;ssl=1\" alt=\"\" width=\"800\" height=\"480\" srcset=\"https:\/\/i0.wp.com\/cdnoticias.com\/wp-content\/uploads\/2022\/09\/inauguracion-hospital-03.jpg?w=1302&amp;ssl=1 1302w, https:\/\/i0.wp.com\/cdnoticias.com\/wp-content\/uploads\/2022\/09\/inauguracion-hospital-03.jpg?resize=300%2C180&amp;ssl=1 300w, https:\/\/i0.wp.com\/cdnoticias.com\/wp-content\/uploads\/2022\/09\/inauguracion-hospital-03.jpg?resize=1024%2C614&amp;ssl=1 1024w, https:\/\/i0.wp.com\/cdnoticias.com\/wp-content\/uploads\/2022\/09\/inauguracion-hospital-03.jpg?resize=768%2C461&amp;ssl=1 768w\" sizes=\"auto, (max-width: 800px) 100vw, 800px\" \/><\/p>\n<p>&nbsp;<\/p>\n<p>El intendente <strong>Ezequiel Galli<\/strong> fue el \u00faltimo orador e hizo hincapi\u00e9 en una palabra: <strong>\u201cprioridades\u201d.<\/strong> \u201cLa salud para nosotros es una prioridad\u201d. Resalt\u00f3 la posibilidad de \u201cinaugurar esta obra que empezamos a pensar y planifica hace unos cuantos a\u00f1os atr\u00e1s. Para que el Hospital sea m\u00e1s grande y pueda recibir no solamente a los vecinos de Olavarr\u00eda sino a los vecinos de la regi\u00f3n\u201d.<\/p>\n<p>&nbsp;<\/p>\n<p><strong>\u201cEs un honor estar inaugurando esta obra\u201d<\/strong>, afirm\u00f3 y explic\u00f3 las caracter\u00edsticas del nuevo edificio que permitir\u00e1 sumar 36 camas al sistema de salud, un quir\u00f3fano en el que se puede hacer dos cirug\u00edas al mismo tiempo y nuevas habitaciones.<\/p>\n<p>&nbsp;<\/p>\n<blockquote><p>\u201cSe pens\u00f3, se planifico, se trabaj\u00f3 desde la secretar\u00eda de Obras P\u00fabicas y se llev\u00f3 adelante con fondos municipales que provienen del vecino y vuelven al vecino\u201d.<\/p><\/blockquote>\n<p>&nbsp;<\/p>\n<p>A su vez, el Intendente indic\u00f3 que<a href=\"https:\/\/cdnoticias.com\/index.php\/2022\/06\/27\/el-municipio-invertira-alrededor-de-100-millones-en-una-ampliacion-del-hospital\/\" target=\"_blank\" rel=\"noopener\"> ya se licit\u00f3 la segunda etapa de la obra<\/a> para la construcci\u00f3n del sector de internaci\u00f3n y afirm\u00f3 que se va renovar el resonador \u201cque ya cumpli\u00f3 su ciclo y necesitamos volver a poner en funcionamiento como se merecen los vecinos\u201d.<\/p>\n<p>&nbsp;<\/p>\n<p>\u201cNos llev\u00f3 mucho tiempo llegar hasta ac\u00e1. Agradezco a todas las fuerzas vivas de la ciudad que est\u00e1n presentes y a la oposici\u00f3n por acompa\u00f1ar. <strong>Esto es para Olavarr\u00eda<\/strong>\u201d, concluy\u00f3.<\/p>\n<p>&nbsp;<\/p>\n","protected":false},"excerpt":{"rendered":"<p>As\u00ed lo expres\u00f3 el Intendente Galli en el marco de la inauguraci\u00f3n del nuevo pabell\u00f3n. Estuvo presente el diputado Santilli<\/p>\n","protected":false},"author":5,"featured_media":65715,"comment_status":"closed","ping_status":"closed","sticky":false,"template":"","format":"standard","meta":{"_jetpack_memberships_contains_paid_content":false,"footnotes":""},"categories":[5,1],"tags":[],"class_list":["post-65713","post","type-post","status-publish","format-standard","has-post-thumbnail","hentry","category-informacion-general","category-portada"],"jetpack_featured_media_url":"https:\/\/i0.wp.com\/cdnoticias.com\/wp-content\/uploads\/2022\/09\/inauguracion-hospital-01.jpg?fit=1240%2C744&ssl=1","jetpack_sharing_enabled":true,"_links":{"self":[{"href":"https:\/\/cdnoticias.com\/index.php\/wp-json\/wp\/v2\/posts\/65713","targetHints":{"allow":["GET"]}}],"collection":[{"href":"https:\/\/cdnoticias.com\/index.php\/wp-json\/wp\/v2\/posts"}],"about":[{"href":"https:\/\/cdnoticias.com\/index.php\/wp-json\/wp\/v2\/types\/post"}],"author":[{"embeddable":true,"href":"https:\/\/cdnoticias.com\/index.php\/wp-json\/wp\/v2\/users\/5"}],"replies":[{"embeddable":true,"href":"https:\/\/cdnoticias.com\/index.php\/wp-json\/wp\/v2\/comments?post=65713"}],"version-history":[{"count":0,"href":"https:\/\/cdnoticias.com\/index.php\/wp-json\/wp\/v2\/posts\/65713\/revisions"}],"wp:featuredmedia":[{"embeddable":true,"href":"https:\/\/cdnoticias.com\/index.php\/wp-json\/wp\/v2\/media\/65715"}],"wp:attachment":[{"href":"https:\/\/cdnoticias.com\/index.php\/wp-json\/wp\/v2\/media?parent=65713"}],"wp:term":[{"taxonomy":"category","embeddable":true,"href":"https:\/\/cdnoticias.com\/index.php\/wp-json\/wp\/v2\/categories?post=65713"},{"taxonomy":"post_tag","embeddable":true,"href":"https:\/\/cdnoticias.com\/index.php\/wp-json\/wp\/v2\/tags?post=65713"}],"curies":[{"name":"wp","href":"https:\/\/api.w.org\/{rel}","templated":true}]}}