{"id":65691,"date":"2022-09-26T12:58:20","date_gmt":"2022-09-26T15:58:20","guid":{"rendered":"https:\/\/www.centraldenoticias.com.ar\/?p=65691"},"modified":"2022-09-26T12:58:20","modified_gmt":"2022-09-26T15:58:20","slug":"transportistas-denunciaron-aumento-encubierto-de-gasoil","status":"publish","type":"post","link":"https:\/\/cdnoticias.com\/index.php\/2022\/09\/26\/transportistas-denunciaron-aumento-encubierto-de-gasoil\/","title":{"rendered":"Transportistas denunciaron \u201caumento encubierto\u201d de gasoil"},"content":{"rendered":"<p class=\"MsoNormal\">\u00a0El titular de la Federaci\u00f3n de Entidades Empresarias del Transporte de Carga, Roberto Guarnieri, dijo que escasea el gasoil grado 2 en YPF y que eso los obliga a elegir opciones m\u00e1s caras. Amenazan con ajustar tarifas.<\/p>\n<p><!--more--><\/p>\n<hr \/>\n<p class=\"MsoNormal\"><strong>Desde la Federaci\u00f3n de Entidades Empresarias del Transporte de Carga (Fadeeac) se\u00f1alaron que hay un \u201caumento encubierto\u201d del gasoil grado 2 en el pa\u00eds<\/strong> y amenazaron con ajustar las tarifas del sector si la situaci\u00f3n no se normaliza.<\/p>\n<p>&nbsp;<\/p>\n<p class=\"MsoNormal\">\u201cNo estamos como hace dos meses atr\u00e1s, que no hab\u00eda combustible. <strong>Hoy hay combustible, pero no de grado 2 de YPF\u201d<\/strong>, apunt\u00f3 el presidente de Fadeeac, Roberto Guarnieri, entrevistado por el canal de noticias TN.<\/p>\n<p>&nbsp;<\/p>\n<p class=\"MsoNormal\">Guarnieri detall\u00f3 que el gasoil grado 2 de YPF cuesta entre $ 150 y $ 160, y que <strong>los transportistas deben recurrir a otras empresas<\/strong> en el que el valor es de $ 200 o cargar Infinia en YPF \u201cque vale m\u00e1s o menos lo mismo\u201d.<\/p>\n<p>&nbsp;<\/p>\n<blockquote>\n<p class=\"MsoNormal\">\u201cTenemos un aumento encubierto, por eso los camiones est\u00e1n haciendo cola para cargar gasoil barato\u201d, apunt\u00f3. Y detall\u00f3: \u201cNo hay el gasoil que nosotros necesitamos y por el que nosotros hacemos los costos\u201d.<\/p>\n<p>&nbsp;<\/p><\/blockquote>\n<p class=\"MsoNormal\">Guarnieri advirti\u00f3 que, <strong>en caso de mantenerse la situaci\u00f3n, los transportistas deber\u00e1n \u201caumentar las tarifas\u201d<\/strong> para poder costear el combustible. \u201cNos van llevando a un gasoil m\u00e1s caro\u201d, insisti\u00f3. Y agreg\u00f3: \u201cLos \u00fanicos que pierden plata ac\u00e1 somos nosotros\u201d.<\/p>\n<p>&nbsp;<\/p>\n<p class=\"MsoNormal\">Fuente: <em>Agencia DIB<\/em><\/p>\n<p>&nbsp;<\/p>\n<p>&nbsp;<\/p>\n<p>&nbsp;<\/p>\n","protected":false},"excerpt":{"rendered":"<p>\u00a0El titular de la Federaci\u00f3n de Entidades Empresarias del Transporte de Carga, Roberto Guarnieri, dijo que escasea el gasoil grado<\/p>\n","protected":false},"author":4,"featured_media":65692,"comment_status":"closed","ping_status":"closed","sticky":false,"template":"","format":"standard","meta":{"_jetpack_memberships_contains_paid_content":false,"footnotes":""},"categories":[6,1],"tags":[],"class_list":["post-65691","post","type-post","status-publish","format-standard","has-post-thumbnail","hentry","category-nacionales","category-portada"],"jetpack_featured_media_url":"https:\/\/i0.wp.com\/cdnoticias.com\/wp-content\/uploads\/2022\/09\/DIB-camion-ruta.jpg?fit=1068%2C712&ssl=1","jetpack_sharing_enabled":true,"_links":{"self":[{"href":"https:\/\/cdnoticias.com\/index.php\/wp-json\/wp\/v2\/posts\/65691","targetHints":{"allow":["GET"]}}],"collection":[{"href":"https:\/\/cdnoticias.com\/index.php\/wp-json\/wp\/v2\/posts"}],"about":[{"href":"https:\/\/cdnoticias.com\/index.php\/wp-json\/wp\/v2\/types\/post"}],"author":[{"embeddable":true,"href":"https:\/\/cdnoticias.com\/index.php\/wp-json\/wp\/v2\/users\/4"}],"replies":[{"embeddable":true,"href":"https:\/\/cdnoticias.com\/index.php\/wp-json\/wp\/v2\/comments?post=65691"}],"version-history":[{"count":0,"href":"https:\/\/cdnoticias.com\/index.php\/wp-json\/wp\/v2\/posts\/65691\/revisions"}],"wp:featuredmedia":[{"embeddable":true,"href":"https:\/\/cdnoticias.com\/index.php\/wp-json\/wp\/v2\/media\/65692"}],"wp:attachment":[{"href":"https:\/\/cdnoticias.com\/index.php\/wp-json\/wp\/v2\/media?parent=65691"}],"wp:term":[{"taxonomy":"category","embeddable":true,"href":"https:\/\/cdnoticias.com\/index.php\/wp-json\/wp\/v2\/categories?post=65691"},{"taxonomy":"post_tag","embeddable":true,"href":"https:\/\/cdnoticias.com\/index.php\/wp-json\/wp\/v2\/tags?post=65691"}],"curies":[{"name":"wp","href":"https:\/\/api.w.org\/{rel}","templated":true}]}}