{"id":65657,"date":"2022-09-25T09:30:08","date_gmt":"2022-09-25T12:30:08","guid":{"rendered":"https:\/\/www.centraldenoticias.com.ar\/?p=65657"},"modified":"2022-09-25T19:02:32","modified_gmt":"2022-09-25T22:02:32","slug":"este-lunes-vuelve-diego-santilli-a-la-ciudad","status":"publish","type":"post","link":"https:\/\/cdnoticias.com\/index.php\/2022\/09\/25\/este-lunes-vuelve-diego-santilli-a-la-ciudad\/","title":{"rendered":"Este lunes vuelve Diego Santilli a la ciudad"},"content":{"rendered":"<p>Estar\u00e1 en la inauguraci\u00f3n del nuevo pabell\u00f3n del Hospital Municipal &#8220;H\u00e9ctor Cura&#8221;.<!--more--><\/p>\n<hr \/>\n<p>El <strong>diputado nacional Diego Santilli<\/strong> estar\u00e1 presente<strong> este lunes 26 de septiembre a partir de las 10:00<\/strong> en la <a href=\"https:\/\/cdnoticias.com\/index.php\/2022\/09\/23\/el-proximo-lunes-inauguraran-el-nuevo-pabellon-del-hospital-municipal\/\" target=\"_blank\" rel=\"noopener\"><strong>inauguraci\u00f3n del nuevo edificio <\/strong>de Gastroenterolog\u00eda e Internaci\u00f3n del Hospital Municipal &#8220;H\u00e9ctor Cura&#8221;<\/a>, en avenida Sarmiento al 2700.<\/p>\n<p>&nbsp;<\/p>\n<p>Al respecto, el <strong>intendente Ezequiel Galli<\/strong> indic\u00f3 que<em><strong> &#8220;es un orgullo para nosotros que nos acompa\u00f1e Diego en este momento tan importante de la gesti\u00f3n, que venimos so\u00f1ando tanto hace a\u00f1os&#8221;.\u00a0<\/strong><\/em><\/p>\n<p>&nbsp;<\/p>\n<p><strong>&#8220;Para nosotros la salud es prioridad y el Diputado Santilli lo sabe y lo valora enormemente. Por eso se hace un hueco en su agenda y se toma el tiempo para estar en Olavarr\u00eda&#8221;<\/strong> agreg\u00f3 el jefe comunal.<\/p>\n<p>&nbsp;<\/p>\n<p>Adem\u00e1s, Ezequiel Galli resalt\u00f3 la importancia que tiene la obra para la salud de Olavarr\u00eda y la regi\u00f3n: &#8220;nuestro Hospital es modelo en la regi\u00f3n y no solo atiende consultas de pacientes del Partido, sino que es importante el porcentaje de vecinos de municipios de la zona que requieren consultas m\u00e9dicas en nuestra ciudad, ampliando de manera considerable la influencia del centro de salud local&#8221;.<\/p>\n<p>&nbsp;<\/p>\n<p><strong>La obra<\/strong><\/p>\n<p>&nbsp;<\/p>\n<p>Es un edificio totalmente nuevo, con aproximadamente unos 1200 metros cuadrados cubiertos, distribuidos en tres niveles: en planta baja el sector de quir\u00f3fano de gastroenterolog\u00eda y sala de espera, administraci\u00f3n, informes, accesos a internaci\u00f3n; y en el primer y segundo piso funcionar\u00e1 el sector de internaci\u00f3n, enfermer\u00eda y cocina.<\/p>\n","protected":false},"excerpt":{"rendered":"<p>Estar\u00e1 en la inauguraci\u00f3n del nuevo pabell\u00f3n del Hospital Municipal &#8220;H\u00e9ctor Cura&#8221;.<\/p>\n","protected":false},"author":6,"featured_media":64533,"comment_status":"closed","ping_status":"closed","sticky":false,"template":"","format":"standard","meta":{"_jetpack_memberships_contains_paid_content":false,"footnotes":""},"categories":[4,1],"tags":[],"class_list":["post-65657","post","type-post","status-publish","format-standard","has-post-thumbnail","hentry","category-politica","category-portada"],"jetpack_featured_media_url":"https:\/\/i0.wp.com\/cdnoticias.com\/wp-content\/uploads\/2022\/09\/santilli-entrevista10-scaled.jpg?fit=2560%2C1535&ssl=1","jetpack_sharing_enabled":true,"_links":{"self":[{"href":"https:\/\/cdnoticias.com\/index.php\/wp-json\/wp\/v2\/posts\/65657","targetHints":{"allow":["GET"]}}],"collection":[{"href":"https:\/\/cdnoticias.com\/index.php\/wp-json\/wp\/v2\/posts"}],"about":[{"href":"https:\/\/cdnoticias.com\/index.php\/wp-json\/wp\/v2\/types\/post"}],"author":[{"embeddable":true,"href":"https:\/\/cdnoticias.com\/index.php\/wp-json\/wp\/v2\/users\/6"}],"replies":[{"embeddable":true,"href":"https:\/\/cdnoticias.com\/index.php\/wp-json\/wp\/v2\/comments?post=65657"}],"version-history":[{"count":0,"href":"https:\/\/cdnoticias.com\/index.php\/wp-json\/wp\/v2\/posts\/65657\/revisions"}],"wp:featuredmedia":[{"embeddable":true,"href":"https:\/\/cdnoticias.com\/index.php\/wp-json\/wp\/v2\/media\/64533"}],"wp:attachment":[{"href":"https:\/\/cdnoticias.com\/index.php\/wp-json\/wp\/v2\/media?parent=65657"}],"wp:term":[{"taxonomy":"category","embeddable":true,"href":"https:\/\/cdnoticias.com\/index.php\/wp-json\/wp\/v2\/categories?post=65657"},{"taxonomy":"post_tag","embeddable":true,"href":"https:\/\/cdnoticias.com\/index.php\/wp-json\/wp\/v2\/tags?post=65657"}],"curies":[{"name":"wp","href":"https:\/\/api.w.org\/{rel}","templated":true}]}}