{"id":65640,"date":"2022-09-24T19:00:35","date_gmt":"2022-09-24T22:00:35","guid":{"rendered":"https:\/\/www.centraldenoticias.com.ar\/?p=65640"},"modified":"2022-09-24T19:00:35","modified_gmt":"2022-09-24T22:00:35","slug":"reunion-con-propietarios-de-estaciones-de-servicios","status":"publish","type":"post","link":"https:\/\/cdnoticias.com\/index.php\/2022\/09\/24\/reunion-con-propietarios-de-estaciones-de-servicios\/","title":{"rendered":"Reuni\u00f3n con propietarios de estaciones de servicios"},"content":{"rendered":"<p>El encuentro tuvo como tema principal la seguridad de los trabajadores de ese sector, como consecuencia del hecho delictivo ocurrido el pasado fin de semana.<!--more--><\/p>\n<hr \/>\n<p>En las \u00faltimas horas el <strong>intendente municipal Ezequiel Galli<\/strong> recibi\u00f3 en el Sal\u00f3n Blanco del Palacio Municipal a<strong> propietarios de estaciones de servicios locales,<\/strong> en un encuentro que tuvo como tema principal la<strong> seguridad de los trabajadores de ese sector<\/strong>, como<a href=\"https:\/\/cdnoticias.com\/index.php\/2022\/09\/17\/un-joven-playero-se-encuentra-en-grave-estado-tras-recibir-un-disparo-en-un-robo\/\" target=\"_blank\" rel=\"noopener\"> consecuencia del hecho delictivo ocurrido el pasado fin de semana.<\/a><\/p>\n<p>&nbsp;<\/p>\n<p>El jefe comunal estuvo acompa\u00f1ado por el Secretario de Gobierno <strong>Hilario Galli<\/strong> y el subsecretario de Seguridad <strong>Mario Busto.<\/strong> Estuvieron presentes, adem\u00e1s, el doctor <strong>Jos\u00e9 Iturralde<\/strong> en representaci\u00f3n del Ministerio P\u00fablico Fiscal e integrantes de la c\u00fapula policial local, encabezados por el titular de la Estaci\u00f3n de Polic\u00eda Departamental Olavarr\u00eda, comisario inspector <strong>Roberto Landoni.<\/strong><\/p>\n<p>&nbsp;<\/p>\n<p>Los integrantes de la C\u00e1mara de Estacioneros acercaron sus<strong> inquietudes y preocupaci\u00f3n acerca de lo acontecido<\/strong>, ocasi\u00f3n en la que desde el Ejecutivo local se les ratific\u00f3 el acompa\u00f1amiento y compromiso de seguir destinando recursos para incrementar los esfuerzos en materia de seguridad y prevenci\u00f3n.<\/p>\n<p>&nbsp;<\/p>\n<p>En ese sentido, se acordaron pautas de trabajo conjunto entre distintas \u00e1reas de la Municipalidad, Poder Judicial y Polic\u00eda Bonaerense. Entre ellas, adem\u00e1s del compromiso de<strong> incrementar las labores y presencia por parte de las fuerzas de seguridad<\/strong>, tambi\u00e9n comenz\u00f3 a diagramarse una labor mancomunada en cuanto al <strong>relevamiento y mapeo de c\u00e1maras de seguridad en la ciudad,<\/strong> para complementar la tarea del Centro de Monitoreo con los dispositivos del \u00e1mbito privado y empresarial.<\/p>\n<p>&nbsp;<\/p>\n<p>\u201cLa inseguridad es un tema que nos preocupa, no miro para el costado pese a que la seguridad no es responsabilidad del Intendente por eso me pongo al frente\u201d, expres\u00f3 al respecto el intendente Ezequiel Galli.<\/p>\n","protected":false},"excerpt":{"rendered":"<p>El encuentro tuvo como tema principal la seguridad de los trabajadores de ese sector, como consecuencia del hecho delictivo ocurrido<\/p>\n","protected":false},"author":6,"featured_media":65641,"comment_status":"closed","ping_status":"closed","sticky":false,"template":"","format":"standard","meta":{"_jetpack_memberships_contains_paid_content":false,"footnotes":""},"categories":[5,1],"tags":[],"class_list":["post-65640","post","type-post","status-publish","format-standard","has-post-thumbnail","hentry","category-informacion-general","category-portada"],"jetpack_featured_media_url":"https:\/\/i0.wp.com\/cdnoticias.com\/wp-content\/uploads\/2022\/09\/Seguridad-Reunion-Estaciones-de-Servicio-1-1024x683-1.jpg?fit=1024%2C683&ssl=1","jetpack_sharing_enabled":true,"_links":{"self":[{"href":"https:\/\/cdnoticias.com\/index.php\/wp-json\/wp\/v2\/posts\/65640","targetHints":{"allow":["GET"]}}],"collection":[{"href":"https:\/\/cdnoticias.com\/index.php\/wp-json\/wp\/v2\/posts"}],"about":[{"href":"https:\/\/cdnoticias.com\/index.php\/wp-json\/wp\/v2\/types\/post"}],"author":[{"embeddable":true,"href":"https:\/\/cdnoticias.com\/index.php\/wp-json\/wp\/v2\/users\/6"}],"replies":[{"embeddable":true,"href":"https:\/\/cdnoticias.com\/index.php\/wp-json\/wp\/v2\/comments?post=65640"}],"version-history":[{"count":0,"href":"https:\/\/cdnoticias.com\/index.php\/wp-json\/wp\/v2\/posts\/65640\/revisions"}],"wp:featuredmedia":[{"embeddable":true,"href":"https:\/\/cdnoticias.com\/index.php\/wp-json\/wp\/v2\/media\/65641"}],"wp:attachment":[{"href":"https:\/\/cdnoticias.com\/index.php\/wp-json\/wp\/v2\/media?parent=65640"}],"wp:term":[{"taxonomy":"category","embeddable":true,"href":"https:\/\/cdnoticias.com\/index.php\/wp-json\/wp\/v2\/categories?post=65640"},{"taxonomy":"post_tag","embeddable":true,"href":"https:\/\/cdnoticias.com\/index.php\/wp-json\/wp\/v2\/tags?post=65640"}],"curies":[{"name":"wp","href":"https:\/\/api.w.org\/{rel}","templated":true}]}}