{"id":65600,"date":"2022-09-23T19:56:36","date_gmt":"2022-09-23T22:56:36","guid":{"rendered":"https:\/\/www.centraldenoticias.com.ar\/?p=65600"},"modified":"2022-09-24T11:20:18","modified_gmt":"2022-09-24T14:20:18","slug":"ezequiel-galli-sobre-la-obra-en-una-calle-del-barrio-isaura-la-calle-no-se-va-a-cerrar","status":"publish","type":"post","link":"https:\/\/cdnoticias.com\/index.php\/2022\/09\/23\/ezequiel-galli-sobre-la-obra-en-una-calle-del-barrio-isaura-la-calle-no-se-va-a-cerrar\/","title":{"rendered":"Ezequiel Galli sobre la obra en una calle del barrio Isaura: \u201cla calle no se va a cerrar\u201d"},"content":{"rendered":"<p>El Intendente confirm\u00f3 en el programa radial \u201cEn Acci\u00f3n\u201d que tras dialogar con el due\u00f1o de la Estaci\u00f3n de Servicio que sufri\u00f3 un robo d\u00edas atr\u00e1s, no colocar\u00e1 un muro en una calle. <!--more--><\/p>\n<hr \/>\n<p><strong><em>Foto e informaci\u00f3n: Gentileza En L\u00ednea Noticias<\/em><\/strong><\/p>\n<p>&nbsp;<\/p>\n<p>Tras el<a href=\"https:\/\/cdnoticias.com\/index.php\/2022\/09\/23\/barrio-isaura-vecinos-cuestionaron-una-obra-que-implicaba-el-cierre-de-una-calle\/\" target=\"_blank\" rel=\"noopener\"> intento de avanzar con una obra sobre una calle lindera a la Estaci\u00f3n de Servicio que sufri\u00f3 un violento asalto la semana pasada<\/a>,<strong> el Intendente Galli se refiri\u00f3 al tema y confirm\u00f3 que la calle no se cerrar\u00e1 con el muro que estaba a punto de comenzar a construirse.<\/strong><\/p>\n<p>&nbsp;<\/p>\n<p>Lo hizo en di\u00e1logo con<strong> Georgina M\u00fcller en el programa \u00abEn Acci\u00f3n\u00bb que se emite por FM 107.1 Moebius<\/strong>, y destac\u00f3 que la zona del <strong>barrio Isaura est\u00e1 catalogada como una \u201czona caliente\u201d en materia de inseguridad<\/strong> y por ello \u201cestamos pensando en mejorar la seguridad tambi\u00e9n, fijate lo que pas\u00f3 el s\u00e1bado\u201d.<\/p>\n<p>&nbsp;<\/p>\n<blockquote><p>\u201cAyer tuvimos una reuni\u00f3n con la c\u00e1mara de estacioneros de servicio junto a Jos\u00e9 Pedro Iturralde por la Justicia, Roberto Landoni jefe de polic\u00eda. La reuni\u00f3n fue para ver de qu\u00e9 manera podemos mejorar la seguridad entre todos a un sector que trabaja tan expuesto durante todos los d\u00edas\u201d.<\/p><\/blockquote>\n<p>&nbsp;<\/p>\n<p>Agreg\u00f3 que <strong><em>\u201cla inseguridad es un tema que nos preocupa, no miro para el costado pese a que la seguridad no es responsabilidad del intendente por eso me pongo al frente\u201d.<\/em><\/strong> Un dato a tener en cuenta es que nuevamente puso el ojo en la responsabilidad de la Provincia en el tema, m\u00e1s all\u00e1 de que el \u201cJefe de la Seguridad\u201d es el Intendente.<\/p>\n<p>&nbsp;<\/p>\n<p>Con respecto a la calle que los vecinos del barrio denunciaron que se iba a \u201cbloquear\u201d con una obra impulsada por el empresario titular de la Estaci\u00f3n de Servicio, Galli dijo que <strong><em>\u201ccon respecto a la calle Vicente L\u00f3pez, no se va a cerrar por ahora. Estamos pensando de qu\u00e9 manera mejorar la circulaci\u00f3n en ese lugar. Estuve hablando con el due\u00f1o de la estaci\u00f3n de servicio y la calle no se va a cerrar\u201d<\/em><\/strong>, cerr\u00f3.<\/p>\n","protected":false},"excerpt":{"rendered":"<p>El Intendente confirm\u00f3 en el programa radial \u201cEn Acci\u00f3n\u201d que tras dialogar con el due\u00f1o de la Estaci\u00f3n de Servicio<\/p>\n","protected":false},"author":2,"featured_media":65601,"comment_status":"closed","ping_status":"closed","sticky":false,"template":"","format":"standard","meta":{"_jetpack_memberships_contains_paid_content":false,"footnotes":""},"categories":[5,1],"tags":[],"class_list":["post-65600","post","type-post","status-publish","format-standard","has-post-thumbnail","hentry","category-informacion-general","category-portada"],"jetpack_featured_media_url":"https:\/\/i0.wp.com\/cdnoticias.com\/wp-content\/uploads\/2022\/09\/entrevista-galli-georgina.jpg?fit=806%2C463&ssl=1","jetpack_sharing_enabled":true,"_links":{"self":[{"href":"https:\/\/cdnoticias.com\/index.php\/wp-json\/wp\/v2\/posts\/65600","targetHints":{"allow":["GET"]}}],"collection":[{"href":"https:\/\/cdnoticias.com\/index.php\/wp-json\/wp\/v2\/posts"}],"about":[{"href":"https:\/\/cdnoticias.com\/index.php\/wp-json\/wp\/v2\/types\/post"}],"author":[{"embeddable":true,"href":"https:\/\/cdnoticias.com\/index.php\/wp-json\/wp\/v2\/users\/2"}],"replies":[{"embeddable":true,"href":"https:\/\/cdnoticias.com\/index.php\/wp-json\/wp\/v2\/comments?post=65600"}],"version-history":[{"count":0,"href":"https:\/\/cdnoticias.com\/index.php\/wp-json\/wp\/v2\/posts\/65600\/revisions"}],"wp:featuredmedia":[{"embeddable":true,"href":"https:\/\/cdnoticias.com\/index.php\/wp-json\/wp\/v2\/media\/65601"}],"wp:attachment":[{"href":"https:\/\/cdnoticias.com\/index.php\/wp-json\/wp\/v2\/media?parent=65600"}],"wp:term":[{"taxonomy":"category","embeddable":true,"href":"https:\/\/cdnoticias.com\/index.php\/wp-json\/wp\/v2\/categories?post=65600"},{"taxonomy":"post_tag","embeddable":true,"href":"https:\/\/cdnoticias.com\/index.php\/wp-json\/wp\/v2\/tags?post=65600"}],"curies":[{"name":"wp","href":"https:\/\/api.w.org\/{rel}","templated":true}]}}