{"id":65588,"date":"2022-09-23T18:30:04","date_gmt":"2022-09-23T21:30:04","guid":{"rendered":"https:\/\/www.centraldenoticias.com.ar\/?p=65588"},"modified":"2022-09-23T18:30:04","modified_gmt":"2022-09-23T21:30:04","slug":"politicas-de-genero-equipo-renovado-en-el-area-de-diversidad","status":"publish","type":"post","link":"https:\/\/cdnoticias.com\/index.php\/2022\/09\/23\/politicas-de-genero-equipo-renovado-en-el-area-de-diversidad\/","title":{"rendered":"Pol\u00edticas de G\u00e9nero: Equipo renovado en el \u00e1rea de Diversidad"},"content":{"rendered":"<p>El equipo de trabajo comenz\u00f3 a desarrollar sus tareas desde el pasado 1 de septiembre. <!--more--><\/p>\n<hr \/>\n<p>El Municipio de Olavarr\u00eda, a trav\u00e9s de la <strong>Direcci\u00f3n de Pol\u00edticas de G\u00e9nero<\/strong> dependiente de la Subsecretar\u00eda de Derechos, Igualdad y Oportunidades, inform\u00f3 acerca del <strong>relanzamiento del \u00e1rea de Diversidad.<\/strong><\/p>\n<p>&nbsp;<\/p>\n<p>Se detall\u00f3 que el equipo de trabajo ha comenzado a desarrollar tareas desde el pasado 1 de septiembre, y est\u00e1 <b>conformado por la licenciada en antropolog\u00eda Ludmila Adad y por Rober Massaro,<\/b> <strong>estudiante avanzado en antropolog\u00eda, activista y artista drag de la ciudad.<\/strong><\/p>\n<p>&nbsp;<\/p>\n<p><img data-recalc-dims=\"1\" loading=\"lazy\" decoding=\"async\" class=\"aligncenter wp-image-65590 size-large\" src=\"https:\/\/i0.wp.com\/cdnoticias.com\/wp-content\/uploads\/2022\/09\/DIVERSIDAD-.jpg?resize=800%2C358&#038;ssl=1\" alt=\"\" width=\"800\" height=\"358\" srcset=\"https:\/\/i0.wp.com\/cdnoticias.com\/wp-content\/uploads\/2022\/09\/DIVERSIDAD-.jpg?resize=1024%2C458&amp;ssl=1 1024w, https:\/\/i0.wp.com\/cdnoticias.com\/wp-content\/uploads\/2022\/09\/DIVERSIDAD-.jpg?resize=300%2C134&amp;ssl=1 300w, https:\/\/i0.wp.com\/cdnoticias.com\/wp-content\/uploads\/2022\/09\/DIVERSIDAD-.jpg?resize=768%2C344&amp;ssl=1 768w, https:\/\/i0.wp.com\/cdnoticias.com\/wp-content\/uploads\/2022\/09\/DIVERSIDAD-.jpg?resize=1536%2C687&amp;ssl=1 1536w, https:\/\/i0.wp.com\/cdnoticias.com\/wp-content\/uploads\/2022\/09\/DIVERSIDAD-.jpg?w=1600&amp;ssl=1 1600w\" sizes=\"auto, (max-width: 800px) 100vw, 800px\" \/><\/p>\n<p>&nbsp;<\/p>\n<p>La directora de Pol\u00edticas de G\u00e9nero <strong>Florencia Caro<\/strong> manifest\u00f3 que \u201cel \u00e1rea de Diversidad se reconfigur\u00f3 totalmente, y presenta en esta nueva etapa dos l\u00edneas de trabajo centrales: por un lado, generaci\u00f3n de <strong>pol\u00edticas p\u00fablicas destinadas al colectivo de la diversidad<\/strong>, y abordaje integral a personas del <strong>colectivo disidente<\/strong> para promover y garantizar el acceso a todos los recursos que tiene el \u00e1rea, como espacio terap\u00e9utico, asesoramiento y acompa\u00f1amiento psicosocial en todas sus variantes, como as\u00ed tambi\u00e9n generar instancias de sensibilizaci\u00f3n, capacitaci\u00f3n, y la puesta en marcha de proyectos de diversa \u00edndole\u201d.<\/p>\n","protected":false},"excerpt":{"rendered":"<p>El equipo de trabajo comenz\u00f3 a desarrollar sus tareas desde el pasado 1 de septiembre.<\/p>\n","protected":false},"author":6,"featured_media":65589,"comment_status":"closed","ping_status":"closed","sticky":false,"template":"","format":"standard","meta":{"_jetpack_memberships_contains_paid_content":false,"footnotes":""},"categories":[3,1],"tags":[],"class_list":["post-65588","post","type-post","status-publish","format-standard","has-post-thumbnail","hentry","category-genero","category-portada"],"jetpack_featured_media_url":"https:\/\/i0.wp.com\/cdnoticias.com\/wp-content\/uploads\/2022\/09\/DIVERSIDAD.jpg?fit=1600%2C716&ssl=1","jetpack_sharing_enabled":true,"_links":{"self":[{"href":"https:\/\/cdnoticias.com\/index.php\/wp-json\/wp\/v2\/posts\/65588","targetHints":{"allow":["GET"]}}],"collection":[{"href":"https:\/\/cdnoticias.com\/index.php\/wp-json\/wp\/v2\/posts"}],"about":[{"href":"https:\/\/cdnoticias.com\/index.php\/wp-json\/wp\/v2\/types\/post"}],"author":[{"embeddable":true,"href":"https:\/\/cdnoticias.com\/index.php\/wp-json\/wp\/v2\/users\/6"}],"replies":[{"embeddable":true,"href":"https:\/\/cdnoticias.com\/index.php\/wp-json\/wp\/v2\/comments?post=65588"}],"version-history":[{"count":0,"href":"https:\/\/cdnoticias.com\/index.php\/wp-json\/wp\/v2\/posts\/65588\/revisions"}],"wp:featuredmedia":[{"embeddable":true,"href":"https:\/\/cdnoticias.com\/index.php\/wp-json\/wp\/v2\/media\/65589"}],"wp:attachment":[{"href":"https:\/\/cdnoticias.com\/index.php\/wp-json\/wp\/v2\/media?parent=65588"}],"wp:term":[{"taxonomy":"category","embeddable":true,"href":"https:\/\/cdnoticias.com\/index.php\/wp-json\/wp\/v2\/categories?post=65588"},{"taxonomy":"post_tag","embeddable":true,"href":"https:\/\/cdnoticias.com\/index.php\/wp-json\/wp\/v2\/tags?post=65588"}],"curies":[{"name":"wp","href":"https:\/\/api.w.org\/{rel}","templated":true}]}}