{"id":65564,"date":"2022-09-23T14:54:11","date_gmt":"2022-09-23T17:54:11","guid":{"rendered":"https:\/\/www.centraldenoticias.com.ar\/?p=65564"},"modified":"2022-09-23T14:54:11","modified_gmt":"2022-09-23T17:54:11","slug":"con-infracciones-y-aprehendidos-siguen-los-operativos-de-seguridad-en-la-ciudad","status":"publish","type":"post","link":"https:\/\/cdnoticias.com\/index.php\/2022\/09\/23\/con-infracciones-y-aprehendidos-siguen-los-operativos-de-seguridad-en-la-ciudad\/","title":{"rendered":"Con infracciones y aprehendidos, siguen los operativos de seguridad en la ciudad"},"content":{"rendered":"<p>La Estaci\u00f3n de Polic\u00eda Departamental de Seguridad de Olavarr\u00eda detall\u00f3 las actuaciones de los \u00faltimos d\u00edas. M\u00e1s de 300 personas y de 230 veh\u00edculos identificados.<!--more--><\/p>\n<hr \/>\n<p><strong>Con infracciones y aprehendidos, siguen los operativos de seguridad en la ciudad<\/strong> que lleva adelante Estaci\u00f3n de Polic\u00eda Departamental de Seguridad de Olavarr\u00eda.<\/p>\n<p>&nbsp;<\/p>\n<blockquote><p>Se indic\u00f3 que \u201cdiariamente contin\u00faan realiz\u00e1ndose m\u00faltiples operativos en toda la planta de la ciudad y en las localidades en distintos horarios y lugares\u201d. La medida est\u00e1 a cargo del Jefe Departamental, comisario inspector Roberto Landoni.<\/p><\/blockquote>\n<p>&nbsp;<\/p>\n<p>Se desempe\u00f1a personal dependiente de esta <em>Estaci\u00f3n de Polic\u00eda (Comisar\u00edas Primera y Segunda, Subcomisar\u00edas Hinojo, Sierras Bayas y Sierra Chica) contando con la colaboraci\u00f3n de otras dependencias descentralizadas, como Grupo Infanter\u00eda, Grupo GAD, Subddi, Drogas Il\u00edcitas y un can proveniente de la ciudad de Tapalqu\u00e9<\/em> entrenado en busca de droga.<\/p>\n<p>&nbsp;<\/p>\n<p><img data-recalc-dims=\"1\" loading=\"lazy\" decoding=\"async\" class=\"size-full wp-image-65565 aligncenter\" src=\"https:\/\/i0.wp.com\/cdnoticias.com\/wp-content\/uploads\/2022\/09\/operativo-sierras-bayas.jpg?resize=700%2C389&#038;ssl=1\" alt=\"\" width=\"700\" height=\"389\" srcset=\"https:\/\/i0.wp.com\/cdnoticias.com\/wp-content\/uploads\/2022\/09\/operativo-sierras-bayas.jpg?w=700&amp;ssl=1 700w, https:\/\/i0.wp.com\/cdnoticias.com\/wp-content\/uploads\/2022\/09\/operativo-sierras-bayas.jpg?resize=300%2C167&amp;ssl=1 300w\" sizes=\"auto, (max-width: 700px) 100vw, 700px\" \/><\/p>\n<p>&nbsp;<\/p>\n<p>Tambi\u00e9n se sum\u00f3 personal y medios de refuerzo de ciudades lim\u00edtrofes para aumentar la capacidad operativa.<\/p>\n<p>&nbsp;<\/p>\n<p>Durante el transcurso de los \u00faltimos d\u00edas se ha logrado <strong>la identificaci\u00f3n de m\u00e1s de 300 personas y m\u00e1s de 230 veh\u00edculos.<\/strong><\/p>\n<p>&nbsp;<\/p>\n<p>Entre los resultados, se destac\u00f3 que fueron <strong>retenci\u00f3n de 7 veh\u00edculos<\/strong> por diversas infracciones a la ley 24449 (de Tr\u00e1nsito) y la<strong> aprehensi\u00f3n de dos masculinos mayores de edad<\/strong> por infracci\u00f3n a la ley 23737 (de drogas il\u00edcitas).<\/p>\n<p>&nbsp;<\/p>\n<p>Los operativos continuar\u00e1n durante el fin de semana.<\/p>\n<p>&nbsp;<\/p>\n","protected":false},"excerpt":{"rendered":"<p>La Estaci\u00f3n de Polic\u00eda Departamental de Seguridad de Olavarr\u00eda detall\u00f3 las actuaciones de los \u00faltimos d\u00edas. M\u00e1s de 300 personas<\/p>\n","protected":false},"author":4,"featured_media":65566,"comment_status":"closed","ping_status":"closed","sticky":false,"template":"","format":"standard","meta":{"_jetpack_memberships_contains_paid_content":false,"footnotes":""},"categories":[14],"tags":[],"class_list":["post-65564","post","type-post","status-publish","format-standard","has-post-thumbnail","hentry","category-policiales"],"jetpack_featured_media_url":"https:\/\/i0.wp.com\/cdnoticias.com\/wp-content\/uploads\/2022\/09\/operativo-olavarria-seguridad.jpg?fit=800%2C445&ssl=1","jetpack_sharing_enabled":true,"_links":{"self":[{"href":"https:\/\/cdnoticias.com\/index.php\/wp-json\/wp\/v2\/posts\/65564","targetHints":{"allow":["GET"]}}],"collection":[{"href":"https:\/\/cdnoticias.com\/index.php\/wp-json\/wp\/v2\/posts"}],"about":[{"href":"https:\/\/cdnoticias.com\/index.php\/wp-json\/wp\/v2\/types\/post"}],"author":[{"embeddable":true,"href":"https:\/\/cdnoticias.com\/index.php\/wp-json\/wp\/v2\/users\/4"}],"replies":[{"embeddable":true,"href":"https:\/\/cdnoticias.com\/index.php\/wp-json\/wp\/v2\/comments?post=65564"}],"version-history":[{"count":0,"href":"https:\/\/cdnoticias.com\/index.php\/wp-json\/wp\/v2\/posts\/65564\/revisions"}],"wp:featuredmedia":[{"embeddable":true,"href":"https:\/\/cdnoticias.com\/index.php\/wp-json\/wp\/v2\/media\/65566"}],"wp:attachment":[{"href":"https:\/\/cdnoticias.com\/index.php\/wp-json\/wp\/v2\/media?parent=65564"}],"wp:term":[{"taxonomy":"category","embeddable":true,"href":"https:\/\/cdnoticias.com\/index.php\/wp-json\/wp\/v2\/categories?post=65564"},{"taxonomy":"post_tag","embeddable":true,"href":"https:\/\/cdnoticias.com\/index.php\/wp-json\/wp\/v2\/tags?post=65564"}],"curies":[{"name":"wp","href":"https:\/\/api.w.org\/{rel}","templated":true}]}}