{"id":65556,"date":"2022-09-24T12:45:49","date_gmt":"2022-09-24T15:45:49","guid":{"rendered":"https:\/\/www.centraldenoticias.com.ar\/?p=65556"},"modified":"2022-09-24T20:00:55","modified_gmt":"2022-09-24T23:00:55","slug":"macondo-estrena-obra-en-la-plata-peste-se-va-para-el-meridiano-v","status":"publish","type":"post","link":"https:\/\/cdnoticias.com\/index.php\/2022\/09\/24\/macondo-estrena-obra-en-la-plata-peste-se-va-para-el-meridiano-v\/","title":{"rendered":"Macondo estrena obra en La Plata: Peste se va para el Meridiano V"},"content":{"rendered":"<p>El grupo de teatro Los Bufones del And\u00e9n participar\u00e1n de un encuentro en el Centro Cultural Estaci\u00f3n Provincial en La Plata. Llevar\u00e1n Peste, la \u00faltima obra del grupo local. Lucy Iguerategui y Daniel Garc\u00eda contaron los detalles.<!--more--><\/p>\n<hr \/>\n<p>El grupo de teatro comunitario <strong>\u201cLos Bufones del And\u00e9n\u201d<\/strong> estrenar\u00e1n una nueva obra en el Centro Cultural Estaci\u00f3n Provincial en la ciudad de La Plata en el marco de los <strong>festejos por los 19 a\u00f1os del grupo \u201cLos okupas del and\u00e9n\u201d de la capital provincial.<\/strong><\/p>\n<p>&nbsp;<\/p>\n<p>La funci\u00f3n de \u201cPeste\u201d ser\u00e1 este <strong>domingo 25 de septiembre<\/strong> y contar\u00e1 con la actuaci\u00f3n de Daniel Garc\u00eda, Tachi Iguerategui, Fabi\u00e1n Angelier, Mar\u00eda Delia Barbato, Romeo V\u00edvoda, Emma Staszkiewicz, Ester Arce, Juan Mujica, Andrea Rodr\u00edguez, Pamela Juri, Mirta Masson, Claudia Ortelli, Anabella Galvano, Lucy Iguerategui y Julio Ben\u00edtez. En tanto, el texto y la direcci\u00f3n est\u00e1n a cargo de Lucy Iguerategui y Julio Ben\u00edtez.<\/p>\n<p>&nbsp;<\/p>\n<p><strong>Lucy Iguerategui y Daniel Garc\u00eda<\/strong> dialogaron con<em> Central de Noticias<\/em> sobre el estreno de la obra y la aventura de un nuevo viaje teatral. Meridiano V y Olavarr\u00eda se unir\u00e1n por la historia del tren y la cultura. La ansiedad del estreno y el entusiasmo del encuentro atraviesan al grupo.<\/p>\n<p>&nbsp;<\/p>\n<p>Iguerategui destac\u00f3 a un integrante del grupo de teatro comunitario de La Plata que siempre estuvo pendiente de ayudarlos en la recuperaci\u00f3n de la vieja estaci\u00f3n de El Provincial. \u201cPor suerte vamos a conocer a Juan Montiel que se ha comunicado con nosotros, ha seguido los expedientes\u201d y cont\u00f3 que \u201cellos consiguieron una locomotora que era la que trasladaba la piedra de Sierra Chica hacia all\u00ed y la van a colocar como monumento. Hacen esta fiesta y nos invitaron. <strong>Es la primera vez que estrenamos en otro lugar que no sea Olavarr\u00eda<\/strong>\u201d.<\/p>\n<p>&nbsp;<\/p>\n<p><img data-recalc-dims=\"1\" loading=\"lazy\" decoding=\"async\" class=\"aligncenter size-full wp-image-65562\" src=\"https:\/\/i0.wp.com\/cdnoticias.com\/wp-content\/uploads\/2022\/09\/Iguerategui-garcia02-scaled.jpg?resize=800%2C480&#038;ssl=1\" alt=\"\" width=\"800\" height=\"480\" srcset=\"https:\/\/i0.wp.com\/cdnoticias.com\/wp-content\/uploads\/2022\/09\/Iguerategui-garcia02-scaled.jpg?w=2560&amp;ssl=1 2560w, https:\/\/i0.wp.com\/cdnoticias.com\/wp-content\/uploads\/2022\/09\/Iguerategui-garcia02-scaled.jpg?resize=300%2C180&amp;ssl=1 300w, https:\/\/i0.wp.com\/cdnoticias.com\/wp-content\/uploads\/2022\/09\/Iguerategui-garcia02-scaled.jpg?resize=1024%2C614&amp;ssl=1 1024w, https:\/\/i0.wp.com\/cdnoticias.com\/wp-content\/uploads\/2022\/09\/Iguerategui-garcia02-scaled.jpg?resize=768%2C461&amp;ssl=1 768w, https:\/\/i0.wp.com\/cdnoticias.com\/wp-content\/uploads\/2022\/09\/Iguerategui-garcia02-scaled.jpg?resize=1536%2C921&amp;ssl=1 1536w, https:\/\/i0.wp.com\/cdnoticias.com\/wp-content\/uploads\/2022\/09\/Iguerategui-garcia02-scaled.jpg?resize=2048%2C1228&amp;ssl=1 2048w, https:\/\/i0.wp.com\/cdnoticias.com\/wp-content\/uploads\/2022\/09\/Iguerategui-garcia02-scaled.jpg?w=1600&amp;ssl=1 1600w, https:\/\/i0.wp.com\/cdnoticias.com\/wp-content\/uploads\/2022\/09\/Iguerategui-garcia02-scaled.jpg?w=2400&amp;ssl=1 2400w\" sizes=\"auto, (max-width: 800px) 100vw, 800px\" \/><\/p>\n<p>&nbsp;<\/p>\n<p><strong>\u201cDe peste en peste\u201d <\/strong><\/p>\n<p>&nbsp;<\/p>\n<p>Los bufones del and\u00e9n estrenar\u00e1n por primera vez la obra en otra ciudad. Para Lucy esto \u201ctiene sus ventajas\u201d ya que \u201cel espectador no te conoce, va a ver el trabajo y no a Daniel, a Rosana\u2026<strong> Nos han pasado cosas hermosas cuando hemos hecho la obra en un lugar donde no nos conocen<\/strong>\u201d.<\/p>\n<p>&nbsp;<\/p>\n<blockquote><p>La obra cuenta la historia de un pueblo con personajes que uno puede encontrar \u201ca la vuelta de la esquina\u201d. Este pueblo \u201cest\u00e1 conmocionado por una historia terrible y hay que esperar el desarrollo de la obra para ver cu\u00e1n real era esa historia terrible\u201d.<\/p><\/blockquote>\n<p>&nbsp;<\/p>\n<p>\u201cNosotros de peste sabemos. Experto en peste somos. Hemos tenido bastante y hace mucho tiempo que venimos de peste en peste\u201d, se\u00f1al\u00f3 Lucy.<\/p>\n<p>&nbsp;<\/p>\n<p>Una vez estrenada, la intenci\u00f3n del grupo es realizar muchas funciones en distintos lugares.<\/p>\n<p>&nbsp;<\/p>\n<p><img data-recalc-dims=\"1\" loading=\"lazy\" decoding=\"async\" class=\"aligncenter size-full wp-image-65560\" src=\"https:\/\/i0.wp.com\/cdnoticias.com\/wp-content\/uploads\/2022\/09\/daniel-garcia-scaled.jpg?resize=800%2C480&#038;ssl=1\" alt=\"\" width=\"800\" height=\"480\" srcset=\"https:\/\/i0.wp.com\/cdnoticias.com\/wp-content\/uploads\/2022\/09\/daniel-garcia-scaled.jpg?w=2560&amp;ssl=1 2560w, https:\/\/i0.wp.com\/cdnoticias.com\/wp-content\/uploads\/2022\/09\/daniel-garcia-scaled.jpg?resize=300%2C180&amp;ssl=1 300w, https:\/\/i0.wp.com\/cdnoticias.com\/wp-content\/uploads\/2022\/09\/daniel-garcia-scaled.jpg?resize=1024%2C614&amp;ssl=1 1024w, https:\/\/i0.wp.com\/cdnoticias.com\/wp-content\/uploads\/2022\/09\/daniel-garcia-scaled.jpg?resize=768%2C461&amp;ssl=1 768w, https:\/\/i0.wp.com\/cdnoticias.com\/wp-content\/uploads\/2022\/09\/daniel-garcia-scaled.jpg?resize=1536%2C922&amp;ssl=1 1536w, https:\/\/i0.wp.com\/cdnoticias.com\/wp-content\/uploads\/2022\/09\/daniel-garcia-scaled.jpg?resize=2048%2C1229&amp;ssl=1 2048w, https:\/\/i0.wp.com\/cdnoticias.com\/wp-content\/uploads\/2022\/09\/daniel-garcia-scaled.jpg?w=1600&amp;ssl=1 1600w, https:\/\/i0.wp.com\/cdnoticias.com\/wp-content\/uploads\/2022\/09\/daniel-garcia-scaled.jpg?w=2400&amp;ssl=1 2400w\" sizes=\"auto, (max-width: 800px) 100vw, 800px\" \/><\/p>\n<p>&nbsp;<\/p>\n<p><strong>La experiencia grupal y el \u201censamble\u201d <\/strong><\/p>\n<p>Daniel Garc\u00eda cont\u00f3 que se sum\u00f3 a Macondo a trav\u00e9s de un taller de canto de Adriana Saravia. \u201cEn la obra \u2018Cuando la chusma acorral\u00f3 a Bartolom\u00e9\u2019 hab\u00eda una parte cantada y yo me incorpor\u00e9 a esa parte. <strong>Despu\u00e9s me entusiasm\u00f3 y me dejaron empezar a tomar la parte de actuaci\u00f3n<\/strong>\u201d, indic\u00f3.<\/p>\n<p>&nbsp;<\/p>\n<p>\u201cLas clases de teatro son sumamente interesante. A m\u00ed me resulta muy lindo hacer los juegos de teatro que Lucy y Julio nos van indicando. Estoy de lo m\u00e1s contento y entusiasmado\u201d, resalt\u00f3 Daniel.<\/p>\n<p>&nbsp;<\/p>\n<p>Respecto a la <strong>din\u00e1mica del teatro comunitario<\/strong> se\u00f1al\u00f3 que \u201ces una actividad muy interesante, yo la agarro ya con algunos a\u00f1os encima pero tambi\u00e9n participo con gente muy joven y para mi es toda una experiencia\u201d.<\/p>\n<p>&nbsp;<\/p>\n<blockquote><p>\u201cCualquiera puede participar, eso es lo m\u00e1s interesante. Hay un ensamble de gente que se junta y comparte. Adem\u00e1s, hay una direcci\u00f3n muy clara, todo tiene un sentido\u201d.<\/p><\/blockquote>\n<p>&nbsp;<\/p>\n<p>Por otra parte, afirm\u00f3 que <strong>\u201cnunca se me hab\u00eda dado por actuar\u201d<\/strong> y r\u00e1pidamente agreg\u00f3: \u201clo cual es una peque\u00f1a mentira porque dediqu\u00e9 muchos a\u00f1os de mi vida a la actividad pol\u00edtica y dec\u00eda muchos discursos en p\u00fablico. Siempre me acuerdo de un famoso pol\u00edtico que dec\u00eda que los pol\u00edticos \u00e9ramos actores frustrados, que actu\u00e1bamos para convencer a la gente\u201d.<\/p>\n<p>&nbsp;<\/p>\n<p><strong>Agradecimientos <\/strong><\/p>\n<p>Por \u00faltimo, agradecieron a Suteba por prestar el lugar para realizar los ensayos, a la Asociaci\u00f3n Mutual Carlos Alberto Moreno (Collinet 4544) donde realizan las funciones de Caf\u00e9 Concert y al Sindicato de Trabajadores Municipales por permitirles guardar todas sus pertenencias luego de tener que dejar la sede de barrio El Provincial.<\/p>\n<p>&nbsp;<\/p>\n<p>&nbsp;<\/p>\n","protected":false},"excerpt":{"rendered":"<p>El grupo de teatro Los Bufones del And\u00e9n participar\u00e1n de un encuentro en el Centro Cultural Estaci\u00f3n Provincial en La<\/p>\n","protected":false},"author":5,"featured_media":65561,"comment_status":"closed","ping_status":"closed","sticky":false,"template":"","format":"standard","meta":{"_jetpack_memberships_contains_paid_content":false,"footnotes":""},"categories":[9,1],"tags":[],"class_list":["post-65556","post","type-post","status-publish","format-standard","has-post-thumbnail","hentry","category-cultura","category-portada"],"jetpack_featured_media_url":"https:\/\/i0.wp.com\/cdnoticias.com\/wp-content\/uploads\/2022\/09\/Iguerategui-garcia01-scaled.jpg?fit=2560%2C1535&ssl=1","jetpack_sharing_enabled":true,"_links":{"self":[{"href":"https:\/\/cdnoticias.com\/index.php\/wp-json\/wp\/v2\/posts\/65556","targetHints":{"allow":["GET"]}}],"collection":[{"href":"https:\/\/cdnoticias.com\/index.php\/wp-json\/wp\/v2\/posts"}],"about":[{"href":"https:\/\/cdnoticias.com\/index.php\/wp-json\/wp\/v2\/types\/post"}],"author":[{"embeddable":true,"href":"https:\/\/cdnoticias.com\/index.php\/wp-json\/wp\/v2\/users\/5"}],"replies":[{"embeddable":true,"href":"https:\/\/cdnoticias.com\/index.php\/wp-json\/wp\/v2\/comments?post=65556"}],"version-history":[{"count":0,"href":"https:\/\/cdnoticias.com\/index.php\/wp-json\/wp\/v2\/posts\/65556\/revisions"}],"wp:featuredmedia":[{"embeddable":true,"href":"https:\/\/cdnoticias.com\/index.php\/wp-json\/wp\/v2\/media\/65561"}],"wp:attachment":[{"href":"https:\/\/cdnoticias.com\/index.php\/wp-json\/wp\/v2\/media?parent=65556"}],"wp:term":[{"taxonomy":"category","embeddable":true,"href":"https:\/\/cdnoticias.com\/index.php\/wp-json\/wp\/v2\/categories?post=65556"},{"taxonomy":"post_tag","embeddable":true,"href":"https:\/\/cdnoticias.com\/index.php\/wp-json\/wp\/v2\/tags?post=65556"}],"curies":[{"name":"wp","href":"https:\/\/api.w.org\/{rel}","templated":true}]}}