{"id":65551,"date":"2022-09-23T17:02:36","date_gmt":"2022-09-23T20:02:36","guid":{"rendered":"https:\/\/www.centraldenoticias.com.ar\/?p=65551"},"modified":"2022-09-23T17:02:36","modified_gmt":"2022-09-23T20:02:36","slug":"autorizan-dos-subas-escalonadas-para-la-telefonia-internet-y-television","status":"publish","type":"post","link":"https:\/\/cdnoticias.com\/index.php\/2022\/09\/23\/autorizan-dos-subas-escalonadas-para-la-telefonia-internet-y-television\/","title":{"rendered":"Autorizan dos subas escalonadas para la telefon\u00eda, internet y televisi\u00f3n"},"content":{"rendered":"<p>El Enacom estableci\u00f3 una suba de 19,8% y otra de 9,8% a aplicarse a partir del 1\u00b0 de octubre y del 1\u00b0 de diciembre, respectivamente.<!--more--><\/p>\n<hr \/>\n<p><strong>El Gobierno nacional autoriz\u00f3 dos aumentos para las tarifas de internet, telefon\u00eda fija y m\u00f3vil, y televisi\u00f3n por cable y satelital<\/strong> que las empresas prestadoras de estos servicios podr\u00e1n aplicar en octubre y diciembre.<\/p>\n<p>&nbsp;<\/p>\n<p>As\u00ed se oficializ\u00f3 a trav\u00e9s de la <strong>Resoluci\u00f3n 1754\/2022 publicada este jueves en el Bolet\u00edn Oficial<\/strong> por el Ente Nacional de Comunicaciones (Enacom). Adem\u00e1s de los aumentos a los planes de las empresas, tambi\u00e9n <strong>se establecieron nuevos topes m\u00e1ximos para los servicios prepagos puros.<\/strong><\/p>\n<p>&nbsp;<\/p>\n<blockquote><p>El primer ajuste que empezar\u00e1 a regir a partir del 1\u00b0 de octubre ser\u00e1 de 19,8% y el segundo a partir del 1\u00b0 de diciembre que ser\u00e1 de hasta 9,8%.<\/p><\/blockquote>\n<p>&nbsp;<\/p>\n<p>La decisi\u00f3n del Gobierno est\u00e1 vinculada con el decreto 690\/2020 que declar\u00f3 las telecomunicaciones como un servicio p\u00fablico y que dej\u00f3 al Enacom como el organismo encargado de convalidar los aumentos de tarifas de las compa\u00f1\u00edas del sector. No obstante, las decisiones del ente fueron judicializadas, por lo que <strong>las regulaciones de los precios del sector se encuentran en una zona gris.<\/strong><\/p>\n<p>&nbsp;<\/p>\n<p>Despu\u00e9s de avalar un incremento de 9,8% en enero de este a\u00f1o para una parte del sector, el organismo hab\u00eda convalidado un aumento del 19% en el segundo trimestre. En mayo, el ente habilit\u00f3 al sector a aplicar partir un incremento de hasta 9,5%. Y luego autoriz\u00f3 otra suba del 9,5% a partir del mes de julio.<\/p>\n<p>&nbsp;<\/p>\n<p>En la \u00faltima resoluci\u00f3n de ese viernes, el organismo se\u00f1al\u00f3 que<strong> los incrementos fueron evaluados \u201cen el contexto econ\u00f3mico \u201cy en las \u201cdificultades\u201d de las licenciatarias<\/strong> ante \u201clos mayores costos y el impacto de las oscilaciones de las principales variables econ\u00f3micas\u201d desde que se inici\u00f3 la regulaci\u00f3n de los precios minoristas.<\/p>\n<p>&nbsp;<\/p>\n<p>A ra\u00edz de los nuevos aumentos en las modalidades de abono de la telefon\u00eda m\u00f3vil, <strong>el Enacom fij\u00f3 valores m\u00e1ximos para el sistema prepago puro a partir de octubre<\/strong>.<\/p>\n<p>&nbsp;<\/p>\n<blockquote><p>En ese sentido, estableci\u00f3 en $36 la recarga de 50 MB de datos m\u00f3viles por d\u00eda, fij\u00f3 el segundo de voz en 55 centavos y el valor de un mensaje de texto en $7,20, en todos los casos con impuestos incluidos.\u00a0Por otro lado, a partir de diciembre estos mismos valores m\u00e1ximos tendr\u00e1n una suba. La recarga de 50 MB de datos m\u00f3viles por d\u00eda se elevar\u00e1 a $39,50, el segundo de voz costar\u00e1 60 centavos, y el costo de un mensaje de texto ser\u00e1 de $7,90.<\/p><\/blockquote>\n<p>&nbsp;<\/p>\n<p>Fuente:<em> Agencia DIB<\/em><\/p>\n","protected":false},"excerpt":{"rendered":"<p>El Enacom estableci\u00f3 una suba de 19,8% y otra de 9,8% a aplicarse a partir del 1\u00b0 de octubre y<\/p>\n","protected":false},"author":4,"featured_media":65552,"comment_status":"closed","ping_status":"closed","sticky":false,"template":"","format":"standard","meta":{"_jetpack_memberships_contains_paid_content":false,"footnotes":""},"categories":[6,1],"tags":[],"class_list":["post-65551","post","type-post","status-publish","format-standard","has-post-thumbnail","hentry","category-nacionales","category-portada"],"jetpack_featured_media_url":"https:\/\/i0.wp.com\/cdnoticias.com\/wp-content\/uploads\/2022\/09\/DIB-tv-cable-tarifas-696x462-1.jpg?fit=696%2C462&ssl=1","jetpack_sharing_enabled":true,"_links":{"self":[{"href":"https:\/\/cdnoticias.com\/index.php\/wp-json\/wp\/v2\/posts\/65551","targetHints":{"allow":["GET"]}}],"collection":[{"href":"https:\/\/cdnoticias.com\/index.php\/wp-json\/wp\/v2\/posts"}],"about":[{"href":"https:\/\/cdnoticias.com\/index.php\/wp-json\/wp\/v2\/types\/post"}],"author":[{"embeddable":true,"href":"https:\/\/cdnoticias.com\/index.php\/wp-json\/wp\/v2\/users\/4"}],"replies":[{"embeddable":true,"href":"https:\/\/cdnoticias.com\/index.php\/wp-json\/wp\/v2\/comments?post=65551"}],"version-history":[{"count":0,"href":"https:\/\/cdnoticias.com\/index.php\/wp-json\/wp\/v2\/posts\/65551\/revisions"}],"wp:featuredmedia":[{"embeddable":true,"href":"https:\/\/cdnoticias.com\/index.php\/wp-json\/wp\/v2\/media\/65552"}],"wp:attachment":[{"href":"https:\/\/cdnoticias.com\/index.php\/wp-json\/wp\/v2\/media?parent=65551"}],"wp:term":[{"taxonomy":"category","embeddable":true,"href":"https:\/\/cdnoticias.com\/index.php\/wp-json\/wp\/v2\/categories?post=65551"},{"taxonomy":"post_tag","embeddable":true,"href":"https:\/\/cdnoticias.com\/index.php\/wp-json\/wp\/v2\/tags?post=65551"}],"curies":[{"name":"wp","href":"https:\/\/api.w.org\/{rel}","templated":true}]}}