{"id":65502,"date":"2022-09-24T09:51:51","date_gmt":"2022-09-24T12:51:51","guid":{"rendered":"https:\/\/www.centraldenoticias.com.ar\/?p=65502"},"modified":"2022-09-24T09:52:55","modified_gmt":"2022-09-24T12:52:55","slug":"el-hcd-aprobo-dos-proyectos-del-foro-olavarria-fr-con-loma-negra-como-protagonista","status":"publish","type":"post","link":"https:\/\/cdnoticias.com\/index.php\/2022\/09\/24\/el-hcd-aprobo-dos-proyectos-del-foro-olavarria-fr-con-loma-negra-como-protagonista\/","title":{"rendered":"El HCD aprob\u00f3 dos proyectos del Foro Olavarr\u00eda &#8211; FR con Loma Negra como protagonista"},"content":{"rendered":"<p>Ambos proyectos fueron aprobados de manera un\u00e1nime en la decimotercera sesi\u00f3n ordinaria del a\u00f1o, realizada en el auditorio de la Cooperativa Telef\u00f3nica de dicha localidad.<!--more--><\/p>\n<hr \/>\n<p>&nbsp;<\/p>\n<p>En la ma\u00f1ana del jueves, al realizarse la decimotercera sesi\u00f3n ordinaria del <strong>Concejo Deliberante en la localidad de Loma Negra,<\/strong> <strong>dos proyectos con impulso del bloque Foro Olavarr\u00eda &#8211; Frente Renovador en el Frente de Todos fueron aprobados de manera un\u00e1nime<\/strong>.<\/p>\n<p>&nbsp;<\/p>\n<p>Se trata del galard\u00f3n<strong> \u201cHonor al M\u00e9rito Ciudadano<\/strong>\u201d al grupo fundador de la \u201c<strong>Casa de Cultura y Turismo\u201d<\/strong> de la localidad mencionada y <strong>mejoras en el Cerro Fortabat.<\/strong><\/p>\n<p>&nbsp;<\/p>\n<p>Desde el bloque que integran la concejala <strong>In\u00e9s Creimer<\/strong> y el concejal <strong>Gast\u00f3n Sarachu<\/strong> resaltaron \u201cla generaci\u00f3n de alternativas para la localidad, ofreciendo a la comunidad actividades culturales y recreativas, talleres para el desarrollo personal y laboral, y el ofrecimiento a la comunidad de un punto de encuentro para charlas y exposiciones\u201d que significa la \u201cCasa de Cultura y Turismo\u201d.<\/p>\n<p>&nbsp;<\/p>\n<p><img data-recalc-dims=\"1\" loading=\"lazy\" decoding=\"async\" class=\"size-full wp-image-65497 aligncenter\" src=\"https:\/\/i0.wp.com\/cdnoticias.com\/wp-content\/uploads\/2022\/09\/Sarachu-Informe-TuVi.jpg?resize=800%2C500&#038;ssl=1\" alt=\"\" width=\"800\" height=\"500\" srcset=\"https:\/\/i0.wp.com\/cdnoticias.com\/wp-content\/uploads\/2022\/09\/Sarachu-Informe-TuVi.jpg?w=800&amp;ssl=1 800w, https:\/\/i0.wp.com\/cdnoticias.com\/wp-content\/uploads\/2022\/09\/Sarachu-Informe-TuVi.jpg?resize=300%2C188&amp;ssl=1 300w, https:\/\/i0.wp.com\/cdnoticias.com\/wp-content\/uploads\/2022\/09\/Sarachu-Informe-TuVi.jpg?resize=768%2C480&amp;ssl=1 768w\" sizes=\"auto, (max-width: 800px) 100vw, 800px\" \/><\/p>\n<p>&nbsp;<\/p>\n<p>Por otro lado<strong>, se aprob\u00f3 el proyecto que solicita al Ejecutivo Municipal mejoras en el Cerro Fortabat<\/strong>. Dicho proyecto fue motivado \u201cpor el reclamo de los vecinos de la localidad ante el mal estado de mantenimiento y conservaci\u00f3n del Cerro \u2018Luciano Fortabat\u2019\u201d. Tambi\u00e9n destacaron el \u201cgran potencial para el desarrollo tur\u00edstico y recreativo de la localidad en el Partido de Olavarr\u00eda\u201d del espacio donde se emplaza la Escuela de Polic\u00eda \u201cJuan Vucetich\u201d.<\/p>\n<p>&nbsp;<\/p>\n<p>Entre las solicitudes al Departamento Ejecutivo Municipal que plantea el proyecto aprobado un\u00e1nimemente se encuentran: arbitrar los medios y hechos necesarios a fin de realizar la instalaci\u00f3n de alumbrado p\u00fablico, y equipamiento urbano en el Cerro Fortabat; realizar el desmalezamiento y mantenimiento de las especies arb\u00f3reas all\u00ed ubicadas; y realizar tareas de mantenimiento y conservaci\u00f3n al cristo que se encuentra emplazado en el ingreso.<\/p>\n<p>&nbsp;<\/p>\n<p>A su vez, con el fin de potenciar el turismo de la zona se solicita la creaci\u00f3n de un\u00a0 modelo de ocio respetuoso con el entorno natural y la cultura religiosa del lugar, que contemple la construcci\u00f3n de ba\u00f1os p\u00fablicos, senderos, se\u00f1al\u00e9tica con informaci\u00f3n tem\u00e1tica, y carteler\u00eda para facilitar el acceso a vecinos y vecinas.<\/p>\n","protected":false},"excerpt":{"rendered":"<p>Ambos proyectos fueron aprobados de manera un\u00e1nime en la decimotercera sesi\u00f3n ordinaria del a\u00f1o, realizada en el auditorio de la<\/p>\n","protected":false},"author":6,"featured_media":65503,"comment_status":"closed","ping_status":"closed","sticky":false,"template":"","format":"standard","meta":{"_jetpack_memberships_contains_paid_content":false,"footnotes":""},"categories":[4,1],"tags":[],"class_list":["post-65502","post","type-post","status-publish","format-standard","has-post-thumbnail","hentry","category-politica","category-portada"],"jetpack_featured_media_url":"https:\/\/i0.wp.com\/cdnoticias.com\/wp-content\/uploads\/2022\/09\/Foro-Mirta-Schmale-y-Natividad-Masson.jpg?fit=800%2C500&ssl=1","jetpack_sharing_enabled":true,"_links":{"self":[{"href":"https:\/\/cdnoticias.com\/index.php\/wp-json\/wp\/v2\/posts\/65502","targetHints":{"allow":["GET"]}}],"collection":[{"href":"https:\/\/cdnoticias.com\/index.php\/wp-json\/wp\/v2\/posts"}],"about":[{"href":"https:\/\/cdnoticias.com\/index.php\/wp-json\/wp\/v2\/types\/post"}],"author":[{"embeddable":true,"href":"https:\/\/cdnoticias.com\/index.php\/wp-json\/wp\/v2\/users\/6"}],"replies":[{"embeddable":true,"href":"https:\/\/cdnoticias.com\/index.php\/wp-json\/wp\/v2\/comments?post=65502"}],"version-history":[{"count":0,"href":"https:\/\/cdnoticias.com\/index.php\/wp-json\/wp\/v2\/posts\/65502\/revisions"}],"wp:featuredmedia":[{"embeddable":true,"href":"https:\/\/cdnoticias.com\/index.php\/wp-json\/wp\/v2\/media\/65503"}],"wp:attachment":[{"href":"https:\/\/cdnoticias.com\/index.php\/wp-json\/wp\/v2\/media?parent=65502"}],"wp:term":[{"taxonomy":"category","embeddable":true,"href":"https:\/\/cdnoticias.com\/index.php\/wp-json\/wp\/v2\/categories?post=65502"},{"taxonomy":"post_tag","embeddable":true,"href":"https:\/\/cdnoticias.com\/index.php\/wp-json\/wp\/v2\/tags?post=65502"}],"curies":[{"name":"wp","href":"https:\/\/api.w.org\/{rel}","templated":true}]}}